{"id":7179,"date":"2025-01-21T19:32:46","date_gmt":"2025-01-21T19:32:46","guid":{"rendered":"https:\/\/rr.unv-informacion.xyz\/?p=7179"},"modified":"2025-01-21T19:32:47","modified_gmt":"2025-01-21T19:32:47","slug":"mas-detalles-sobre-juan-luis-jimenez-adames","status":"publish","type":"post","link":"https:\/\/rr.unv-informacion.xyz\/?p=7179","title":{"rendered":"M\u00e1s detalles sobre Juan Luis Jim\u00e9nez Adames"},"content":{"rendered":"\n<p class=\"wp-block-paragraph\">Oficial acusado de matar a su pareja y suegra fue suspendido en 2018 por violencia dom\u00e9stica, seg\u00fan inform\u00f3 la Polic\u00eda Nacional.<\/p>\n\n\n\n<p class=\"wp-block-paragraph\">El director de la Polic\u00eda Nacional confirm\u00f3 que el oficial Juan Luis Jim\u00e9nez Adames, acusado de quitarle la vida a su pareja y a su suegra, fue suspendido en 2018 por antecedentes de violencia dom\u00e9stica.<\/p>\n\n\n\n<p class=\"wp-block-paragraph\">Durante una reuni\u00f3n de seguridad ciudadana, el director policial Ram\u00f3n Antonio Guzm\u00e1n Peralta explic\u00f3 que Jim\u00e9nez Adames, de 40 a\u00f1os, ingres\u00f3 a la instituci\u00f3n en 2001. En el pasado, enfrent\u00f3 un proceso judicial por violencia, pero qued\u00f3 libre porque su pareja no continu\u00f3 con la denuncia.<\/p>\n\n\n\n<p class=\"wp-block-paragraph\">La ministra de Interior y Polic\u00eda, Faride Raful, pidi\u00f3 al acusado que se entregue a las autoridades por las v\u00edas oficiales para proceder de acuerdo con la ley.<\/p>\n\n\n\n<p class=\"wp-block-paragraph\">Adem\u00e1s, Raful anunci\u00f3 medidas especiales por el D\u00eda de la Virgen de La Altagracia, incluyendo la restricci\u00f3n de veh\u00edculos pesados desde las 2 de la tarde y el uso de alcohol\u00edmetros en varias v\u00edas del pa\u00eds para evitar accidentes.<\/p>\n\n\n\n<p class=\"wp-block-paragraph\">Por \u00faltimo, la ministra resalt\u00f3 que la tasa de homicidios ha bajado y se mantiene en un nivel muy bajo, gracias a las acciones implementadas por las autoridades.<\/p>\n\n\n\n<figure class=\"wp-block-embed is-type-video is-provider-youtube wp-block-embed-youtube wp-embed-aspect-16-9 wp-has-aspect-ratio\"><div class=\"wp-block-embed__wrapper\">\n<iframe loading=\"lazy\" title=\"Agente PN mat\u00f3 a su pareja y suegra en La Vega, hab\u00eda sido suspendido en el 2018 por violencia\" width=\"640\" height=\"360\" src=\"https:\/\/www.youtube.com\/embed\/7YbSU8TgL6I?feature=oembed\" frameborder=\"0\" allow=\"accelerometer; autoplay; clipboard-write; encrypted-media; gyroscope; picture-in-picture; web-share\" referrerpolicy=\"strict-origin-when-cross-origin\" allowfullscreen><\/iframe>\n<\/div><\/figure>\n","protected":false},"excerpt":{"rendered":"<p>Oficial acusado de matar a su pareja y suegra fue suspendido en 2018 por violencia dom\u00e9stica, seg\u00fan inform\u00f3 la Polic\u00eda Nacional. El director de la Polic\u00eda Nacional confirm\u00f3 que el oficial Juan Luis Jim\u00e9nez Adames, acusado de quitarle la vida a su pareja y a su suegra, fue suspendido en 2018 por antecedentes de violencia [&hellip;]<\/p>\n","protected":false},"author":1,"featured_media":7180,"comment_status":"open","ping_status":"open","sticky":false,"template":"","format":"standard","meta":{"footnotes":""},"categories":[1],"tags":[],"class_list":["post-7179","post","type-post","status-publish","format-standard","has-post-thumbnail","hentry","category-uncategorized"],"_links":{"self":[{"href":"https:\/\/rr.unv-informacion.xyz\/index.php?rest_route=\/wp\/v2\/posts\/7179","targetHints":{"allow":["GET"]}}],"collection":[{"href":"https:\/\/rr.unv-informacion.xyz\/index.php?rest_route=\/wp\/v2\/posts"}],"about":[{"href":"https:\/\/rr.unv-informacion.xyz\/index.php?rest_route=\/wp\/v2\/types\/post"}],"author":[{"embeddable":true,"href":"https:\/\/rr.unv-informacion.xyz\/index.php?rest_route=\/wp\/v2\/users\/1"}],"replies":[{"embeddable":true,"href":"https:\/\/rr.unv-informacion.xyz\/index.php?rest_route=%2Fwp%2Fv2%2Fcomments&post=7179"}],"version-history":[{"count":1,"href":"https:\/\/rr.unv-informacion.xyz\/index.php?rest_route=\/wp\/v2\/posts\/7179\/revisions"}],"predecessor-version":[{"id":7181,"href":"https:\/\/rr.unv-informacion.xyz\/index.php?rest_route=\/wp\/v2\/posts\/7179\/revisions\/7181"}],"wp:featuredmedia":[{"embeddable":true,"href":"https:\/\/rr.unv-informacion.xyz\/index.php?rest_route=\/wp\/v2\/media\/7180"}],"wp:attachment":[{"href":"https:\/\/rr.unv-informacion.xyz\/index.php?rest_route=%2Fwp%2Fv2%2Fmedia&parent=7179"}],"wp:term":[{"taxonomy":"category","embeddable":true,"href":"https:\/\/rr.unv-informacion.xyz\/index.php?rest_route=%2Fwp%2Fv2%2Fcategories&post=7179"},{"taxonomy":"post_tag","embeddable":true,"href":"https:\/\/rr.unv-informacion.xyz\/index.php?rest_route=%2Fwp%2Fv2%2Ftags&post=7179"}],"curies":[{"name":"wp","href":"https:\/\/api.w.org\/{rel}","templated":true}]}}