{"id":7190,"date":"2025-01-22T15:35:45","date_gmt":"2025-01-22T15:35:45","guid":{"rendered":"https:\/\/rr.unv-informacion.xyz\/?p=7190"},"modified":"2025-01-22T15:35:46","modified_gmt":"2025-01-22T15:35:46","slug":"aracelis-garcia-y-eduardo-jose-perez-chala","status":"publish","type":"post","link":"https:\/\/rr.unv-informacion.xyz\/?p=7190","title":{"rendered":"Aracelis\u00a0Garc\u00eda y Eduardo\u00a0Jos\u00e9\u00a0P\u00e9rez Chala"},"content":{"rendered":"\n<p class=\"wp-block-paragraph\">Un accidente en la carretera Mao-Santiago Rodr\u00edguez dej\u00f3 una fallecida y un herido grave tras el choque de una guagua con una motocicleta.<\/p>\n\n\n\n<p class=\"wp-block-paragraph\">Un accidente de tr\u00e1nsito ocurri\u00f3 la ma\u00f1ana de este martes en la carretera Mao-Santiago Rodr\u00edguez, frente al cementerio municipal de Mao.<\/p>\n\n\n\n<p class=\"wp-block-paragraph\">Una persona perdi\u00f3 la vida y otra result\u00f3 gravemente herida.<\/p>\n\n\n\n<p class=\"wp-block-paragraph\">Seg\u00fan testigos, dos personas viajaban en una motocicleta cuando fueron chocadas por detr\u00e1s por una guagua de la ruta Santiago Rodr\u00edguez-Santiago.<\/p>\n\n\n\n<p class=\"wp-block-paragraph\">Al lugar llegaron agentes de la Digesett y una unidad del 9-1-1 para atender la emergencia.<\/p>\n\n\n\n<p class=\"wp-block-paragraph\">El herido, identificado como Eduardo Jos\u00e9 P\u00e9rez Chala, se encuentra en estado reservado, seg\u00fan los m\u00e9dicos.<\/p>\n\n\n\n<p class=\"wp-block-paragraph\">La persona que perdi\u00f3 la vida es Aracelis Garc\u00eda, quien era de Pueblo Nuevo Jaib\u00f3n Mao, en la provincia Valverde.<\/p>\n\n\n\n<p class=\"wp-block-paragraph\">El conductor de la guagua, Jos\u00e9 Antonio Mart\u00ednez Garc\u00eda, est\u00e1 detenido en el cuartel de la Polic\u00eda Nacional en Mao, mientras que el veh\u00edculo fue trasladado a la Fortaleza General Benito Monci\u00f3n.<\/p>\n\n\n\n<figure class=\"wp-block-image size-full\"><img loading=\"lazy\" decoding=\"async\" width=\"828\" height=\"982\" src=\"https:\/\/rr.unv-informacion.xyz\/wp-content\/uploads\/2025\/01\/474708754_1108337920986168_1522319373025402266_n.jpg\" alt=\"\" class=\"wp-image-7191\" srcset=\"https:\/\/rr.unv-informacion.xyz\/wp-content\/uploads\/2025\/01\/474708754_1108337920986168_1522319373025402266_n.jpg 828w, https:\/\/rr.unv-informacion.xyz\/wp-content\/uploads\/2025\/01\/474708754_1108337920986168_1522319373025402266_n-253x300.jpg 253w, https:\/\/rr.unv-informacion.xyz\/wp-content\/uploads\/2025\/01\/474708754_1108337920986168_1522319373025402266_n-768x911.jpg 768w, https:\/\/rr.unv-informacion.xyz\/wp-content\/uploads\/2025\/01\/474708754_1108337920986168_1522319373025402266_n-354x420.jpg 354w, https:\/\/rr.unv-informacion.xyz\/wp-content\/uploads\/2025\/01\/474708754_1108337920986168_1522319373025402266_n-640x759.jpg 640w, https:\/\/rr.unv-informacion.xyz\/wp-content\/uploads\/2025\/01\/474708754_1108337920986168_1522319373025402266_n-681x808.jpg 681w\" sizes=\"auto, (max-width: 828px) 100vw, 828px\" \/><\/figure>\n\n\n\n<figure class=\"wp-block-image size-large\"><img loading=\"lazy\" decoding=\"async\" width=\"515\" height=\"1024\" src=\"https:\/\/rr.unv-informacion.xyz\/wp-content\/uploads\/2025\/01\/474117083_1233366101599207_713539436484704496_n-515x1024.jpg\" alt=\"\" class=\"wp-image-7192\" srcset=\"https:\/\/rr.unv-informacion.xyz\/wp-content\/uploads\/2025\/01\/474117083_1233366101599207_713539436484704496_n-515x1024.jpg 515w, https:\/\/rr.unv-informacion.xyz\/wp-content\/uploads\/2025\/01\/474117083_1233366101599207_713539436484704496_n-151x300.jpg 151w, https:\/\/rr.unv-informacion.xyz\/wp-content\/uploads\/2025\/01\/474117083_1233366101599207_713539436484704496_n.jpg 1030w\" sizes=\"auto, (max-width: 515px) 100vw, 515px\" \/><\/figure>\n\n\n\n<p class=\"wp-block-paragraph\"><a href=\"https:\/\/t.me\/diliexdigital\/812\">IMAGEN FUERTE<\/a><\/p>\n","protected":false},"excerpt":{"rendered":"<p>Un accidente en la carretera Mao-Santiago Rodr\u00edguez dej\u00f3 una fallecida y un herido grave tras el choque de una guagua con una motocicleta. Un accidente de tr\u00e1nsito ocurri\u00f3 la ma\u00f1ana de este martes en la carretera Mao-Santiago Rodr\u00edguez, frente al cementerio municipal de Mao. Una persona perdi\u00f3 la vida y otra result\u00f3 gravemente herida. Seg\u00fan [&hellip;]<\/p>\n","protected":false},"author":1,"featured_media":7193,"comment_status":"open","ping_status":"open","sticky":false,"template":"","format":"standard","meta":{"footnotes":""},"categories":[1],"tags":[],"class_list":["post-7190","post","type-post","status-publish","format-standard","has-post-thumbnail","hentry","category-uncategorized"],"_links":{"self":[{"href":"https:\/\/rr.unv-informacion.xyz\/index.php?rest_route=\/wp\/v2\/posts\/7190","targetHints":{"allow":["GET"]}}],"collection":[{"href":"https:\/\/rr.unv-informacion.xyz\/index.php?rest_route=\/wp\/v2\/posts"}],"about":[{"href":"https:\/\/rr.unv-informacion.xyz\/index.php?rest_route=\/wp\/v2\/types\/post"}],"author":[{"embeddable":true,"href":"https:\/\/rr.unv-informacion.xyz\/index.php?rest_route=\/wp\/v2\/users\/1"}],"replies":[{"embeddable":true,"href":"https:\/\/rr.unv-informacion.xyz\/index.php?rest_route=%2Fwp%2Fv2%2Fcomments&post=7190"}],"version-history":[{"count":1,"href":"https:\/\/rr.unv-informacion.xyz\/index.php?rest_route=\/wp\/v2\/posts\/7190\/revisions"}],"predecessor-version":[{"id":7194,"href":"https:\/\/rr.unv-informacion.xyz\/index.php?rest_route=\/wp\/v2\/posts\/7190\/revisions\/7194"}],"wp:featuredmedia":[{"embeddable":true,"href":"https:\/\/rr.unv-informacion.xyz\/index.php?rest_route=\/wp\/v2\/media\/7193"}],"wp:attachment":[{"href":"https:\/\/rr.unv-informacion.xyz\/index.php?rest_route=%2Fwp%2Fv2%2Fmedia&parent=7190"}],"wp:term":[{"taxonomy":"category","embeddable":true,"href":"https:\/\/rr.unv-informacion.xyz\/index.php?rest_route=%2Fwp%2Fv2%2Fcategories&post=7190"},{"taxonomy":"post_tag","embeddable":true,"href":"https:\/\/rr.unv-informacion.xyz\/index.php?rest_route=%2Fwp%2Fv2%2Ftags&post=7190"}],"curies":[{"name":"wp","href":"https:\/\/api.w.org\/{rel}","templated":true}]}}