{"id":7202,"date":"2025-01-23T17:56:09","date_gmt":"2025-01-23T17:56:09","guid":{"rendered":"https:\/\/rr.unv-informacion.xyz\/?p=7202"},"modified":"2025-01-23T17:56:09","modified_gmt":"2025-01-23T17:56:09","slug":"david-de-los-santos-y-su-padre-juan-de-los-santos-hernandez","status":"publish","type":"post","link":"https:\/\/rr.unv-informacion.xyz\/?p=7202","title":{"rendered":"David de los Santos y su padre,\u00a0Juan de los Santos Hern\u00e1ndez"},"content":{"rendered":"\n<p class=\"wp-block-paragraph\">Familiares de David de los Santos, un joven de 24 a\u00f1os que perdi\u00f3 la vida a manos de la Polic\u00eda Nacional en el ensanche Naco en 2022, denuncian este mi\u00e9rcoles que su padre, Juan de los Santos Hern\u00e1ndez, falleci\u00f3 debido a una profunda depresi\u00f3n que lo invadi\u00f3 tras no obtener justicia por la muerte de su hijo.<\/p>\n\n\n\n<p class=\"wp-block-paragraph\">La tragedia de David, cuyo caso sigue siendo un tema de dolor y controversia, ha marcado de manera irreversible la vida de su familia.<\/p>\n\n\n\n<p class=\"wp-block-paragraph\">El d\u00eda de su muerte, David fue detenido por los agentes Santiago Mateo Victoriano, Michael P\u00e9rez Ramos y Jean Carlos Mart\u00ednez Pe\u00f1a, quienes, seg\u00fan la acusaci\u00f3n, lo golpearon brutalmente durante su arresto.<\/p>\n\n\n\n<p class=\"wp-block-paragraph\">Despu\u00e9s de un altercado en la celda, donde David comenz\u00f3 a gritar, los polic\u00edas lo sometieron de forma violenta, utilizando gas pimienta y agredi\u00e9ndolo a patadas, sin que \u00e9l pudiera defenderse debido a que estaba esposado. Esta violencia ha sido denunciada por su familia, que exige justicia para su hijo.<\/p>\n\n\n\n<p class=\"wp-block-paragraph\">El caso de David fue inicialmente desestimado por la Polic\u00eda Nacional, que aleg\u00f3 que la v\u00edctima se autolesion\u00f3.<\/p>\n\n\n\n<p class=\"wp-block-paragraph\">Sin embargo, esta versi\u00f3n fue rechazada por la familia, quienes denunciaron que los agentes involucrados hab\u00edan actuado de manera injustificada, lo que gener\u00f3 una fuerte presi\u00f3n social en los medios.<\/p>\n\n\n\n<p class=\"wp-block-paragraph\">La indignaci\u00f3n creci\u00f3 a\u00fan m\u00e1s cuando se conocieron detalles sobre la muerte de David, que a\u00fan persiste como un misterio.<\/p>\n\n\n\n<p class=\"wp-block-paragraph\">Juan de los Santos, el padre de David, luch\u00f3 incansablemente durante a\u00f1os para que las autoridades hicieran justicia en el caso de su hijo. Sin embargo, nunca obtuvo una respuesta adecuada, lo que lo sumi\u00f3 en una profunda tristeza.<\/p>\n\n\n\n<p class=\"wp-block-paragraph\">Un pariente cercano record\u00f3 que Juan, afectado por la falta de acci\u00f3n judicial, sol\u00eda llorar cada vez que se mencionaba el nombre de su hijo.<\/p>\n\n\n\n<p class=\"wp-block-paragraph\">Este dolor no solo le acompa\u00f1\u00f3 en los tribunales, sino que tambi\u00e9n lo vivi\u00f3 en su hogar, siendo evidente el desgaste emocional que sufri\u00f3.<\/p>\n\n\n\n<p class=\"wp-block-paragraph\">El 27 de abril de 2022, David hab\u00eda estado rondando tiendas en un centro comercial, donde tuvo un altercado con una empleada, lo que provoc\u00f3 la intervenci\u00f3n de los guardias de seguridad.<\/p>\n\n\n\n<p class=\"wp-block-paragraph\">Posteriormente, la Polic\u00eda Nacional lo arrest\u00f3. Sin embargo, el trato violento recibido durante su detenci\u00f3n ser\u00eda el preludio de una tragedia que se seguir\u00eda desarrollando durante meses.<\/p>\n\n\n\n<p class=\"wp-block-paragraph\">La tristeza que acompa\u00f1\u00f3 a la familia de David se vio reflejada en las palabras de Damiana Correa, esposa de Juan.<\/p>\n\n\n\n<p class=\"wp-block-paragraph\">Ella explic\u00f3 a Noticias RNN que, aunque su esposo ya padec\u00eda problemas de salud, el sufrimiento por lo ocurrido con su hijo aceler\u00f3 su muerte.<\/p>\n\n\n\n<p class=\"wp-block-paragraph\">\u00abAparte de sus complicaciones de salud, eso lo ayud\u00f3 a morir m\u00e1s r\u00e1pido. \u00c9l era mi compa\u00f1ero de hace casi 30 a\u00f1os, yo misma me siento demasiado triste\u00bb, expres\u00f3 con evidente consternaci\u00f3n.<\/p>\n\n\n\n<figure class=\"wp-block-image size-full\"><img loading=\"lazy\" decoding=\"async\" width=\"968\" height=\"580\" src=\"https:\/\/rr.unv-informacion.xyz\/wp-content\/uploads\/2025\/01\/279852560_1621980268161723_6785245720039250117_n.jpg\" alt=\"\" class=\"wp-image-7203\" srcset=\"https:\/\/rr.unv-informacion.xyz\/wp-content\/uploads\/2025\/01\/279852560_1621980268161723_6785245720039250117_n.jpg 968w, https:\/\/rr.unv-informacion.xyz\/wp-content\/uploads\/2025\/01\/279852560_1621980268161723_6785245720039250117_n-300x180.jpg 300w, https:\/\/rr.unv-informacion.xyz\/wp-content\/uploads\/2025\/01\/279852560_1621980268161723_6785245720039250117_n-768x460.jpg 768w, https:\/\/rr.unv-informacion.xyz\/wp-content\/uploads\/2025\/01\/279852560_1621980268161723_6785245720039250117_n-701x420.jpg 701w, https:\/\/rr.unv-informacion.xyz\/wp-content\/uploads\/2025\/01\/279852560_1621980268161723_6785245720039250117_n-640x383.jpg 640w, https:\/\/rr.unv-informacion.xyz\/wp-content\/uploads\/2025\/01\/279852560_1621980268161723_6785245720039250117_n-681x408.jpg 681w\" sizes=\"auto, (max-width: 968px) 100vw, 968px\" \/><\/figure>\n\n\n\n<figure class=\"wp-block-image size-full\"><img loading=\"lazy\" decoding=\"async\" width=\"1024\" height=\"768\" src=\"https:\/\/rr.unv-informacion.xyz\/wp-content\/uploads\/2025\/01\/whatsapp-image-2022-05-02-at-2-30-44-pm-6270249772e71-1024x768-1.jpg\" alt=\"\" class=\"wp-image-7204\" srcset=\"https:\/\/rr.unv-informacion.xyz\/wp-content\/uploads\/2025\/01\/whatsapp-image-2022-05-02-at-2-30-44-pm-6270249772e71-1024x768-1.jpg 1024w, https:\/\/rr.unv-informacion.xyz\/wp-content\/uploads\/2025\/01\/whatsapp-image-2022-05-02-at-2-30-44-pm-6270249772e71-1024x768-1-300x225.jpg 300w, https:\/\/rr.unv-informacion.xyz\/wp-content\/uploads\/2025\/01\/whatsapp-image-2022-05-02-at-2-30-44-pm-6270249772e71-1024x768-1-768x576.jpg 768w, https:\/\/rr.unv-informacion.xyz\/wp-content\/uploads\/2025\/01\/whatsapp-image-2022-05-02-at-2-30-44-pm-6270249772e71-1024x768-1-560x420.jpg 560w, https:\/\/rr.unv-informacion.xyz\/wp-content\/uploads\/2025\/01\/whatsapp-image-2022-05-02-at-2-30-44-pm-6270249772e71-1024x768-1-80x60.jpg 80w, https:\/\/rr.unv-informacion.xyz\/wp-content\/uploads\/2025\/01\/whatsapp-image-2022-05-02-at-2-30-44-pm-6270249772e71-1024x768-1-100x75.jpg 100w, https:\/\/rr.unv-informacion.xyz\/wp-content\/uploads\/2025\/01\/whatsapp-image-2022-05-02-at-2-30-44-pm-6270249772e71-1024x768-1-180x135.jpg 180w, https:\/\/rr.unv-informacion.xyz\/wp-content\/uploads\/2025\/01\/whatsapp-image-2022-05-02-at-2-30-44-pm-6270249772e71-1024x768-1-238x178.jpg 238w, https:\/\/rr.unv-informacion.xyz\/wp-content\/uploads\/2025\/01\/whatsapp-image-2022-05-02-at-2-30-44-pm-6270249772e71-1024x768-1-640x480.jpg 640w, https:\/\/rr.unv-informacion.xyz\/wp-content\/uploads\/2025\/01\/whatsapp-image-2022-05-02-at-2-30-44-pm-6270249772e71-1024x768-1-681x511.jpg 681w\" sizes=\"auto, (max-width: 1024px) 100vw, 1024px\" \/><\/figure>\n","protected":false},"excerpt":{"rendered":"<p>Familiares de David de los Santos, un joven de 24 a\u00f1os que perdi\u00f3 la vida a manos de la Polic\u00eda Nacional en el ensanche Naco en 2022, denuncian este mi\u00e9rcoles que su padre, Juan de los Santos Hern\u00e1ndez, falleci\u00f3 debido a una profunda depresi\u00f3n que lo invadi\u00f3 tras no obtener justicia por la muerte de [&hellip;]<\/p>\n","protected":false},"author":1,"featured_media":7203,"comment_status":"open","ping_status":"open","sticky":false,"template":"","format":"standard","meta":{"footnotes":""},"categories":[1],"tags":[],"class_list":["post-7202","post","type-post","status-publish","format-standard","has-post-thumbnail","hentry","category-uncategorized"],"_links":{"self":[{"href":"https:\/\/rr.unv-informacion.xyz\/index.php?rest_route=\/wp\/v2\/posts\/7202","targetHints":{"allow":["GET"]}}],"collection":[{"href":"https:\/\/rr.unv-informacion.xyz\/index.php?rest_route=\/wp\/v2\/posts"}],"about":[{"href":"https:\/\/rr.unv-informacion.xyz\/index.php?rest_route=\/wp\/v2\/types\/post"}],"author":[{"embeddable":true,"href":"https:\/\/rr.unv-informacion.xyz\/index.php?rest_route=\/wp\/v2\/users\/1"}],"replies":[{"embeddable":true,"href":"https:\/\/rr.unv-informacion.xyz\/index.php?rest_route=%2Fwp%2Fv2%2Fcomments&post=7202"}],"version-history":[{"count":1,"href":"https:\/\/rr.unv-informacion.xyz\/index.php?rest_route=\/wp\/v2\/posts\/7202\/revisions"}],"predecessor-version":[{"id":7205,"href":"https:\/\/rr.unv-informacion.xyz\/index.php?rest_route=\/wp\/v2\/posts\/7202\/revisions\/7205"}],"wp:featuredmedia":[{"embeddable":true,"href":"https:\/\/rr.unv-informacion.xyz\/index.php?rest_route=\/wp\/v2\/media\/7203"}],"wp:attachment":[{"href":"https:\/\/rr.unv-informacion.xyz\/index.php?rest_route=%2Fwp%2Fv2%2Fmedia&parent=7202"}],"wp:term":[{"taxonomy":"category","embeddable":true,"href":"https:\/\/rr.unv-informacion.xyz\/index.php?rest_route=%2Fwp%2Fv2%2Fcategories&post=7202"},{"taxonomy":"post_tag","embeddable":true,"href":"https:\/\/rr.unv-informacion.xyz\/index.php?rest_route=%2Fwp%2Fv2%2Ftags&post=7202"}],"curies":[{"name":"wp","href":"https:\/\/api.w.org\/{rel}","templated":true}]}}