{"id":7206,"date":"2025-01-23T18:02:02","date_gmt":"2025-01-23T18:02:02","guid":{"rendered":"https:\/\/rr.unv-informacion.xyz\/?p=7206"},"modified":"2025-01-23T18:02:03","modified_gmt":"2025-01-23T18:02:03","slug":"yolanda-espinal","status":"publish","type":"post","link":"https:\/\/rr.unv-informacion.xyz\/?p=7206","title":{"rendered":"Yolanda Espinal"},"content":{"rendered":"\n<p class=\"wp-block-paragraph\">San Jos\u00e9 de las Matas, Santiago, Rep\u00fablica Dominicana \u2013 En un hecho que ha conmocionado a la comunidad, la vicealcaldesa Yolanda Espinal sufri\u00f3 un atentado en la madrugada de hoy en su residencia ubicada en la urbanizaci\u00f3n Zarzuela.<\/p>\n\n\n\n<p class=\"wp-block-paragraph\">Seg\u00fan informaciones preliminares, sujetos desconocidos dispararon en m\u00faltiples ocasiones contra la vivienda, impactando tanto el veh\u00edculo de la funcionaria como la estructura de la casa. Espinal y su esposo se encontraban en el interior al momento del ataque, afortunadamente resultando ilesos.<\/p>\n\n\n\n<p class=\"wp-block-paragraph\">La Polic\u00eda Nacional ha iniciado una exhaustiva investigaci\u00f3n para dar con el paradero de los responsables de este hecho violento. Fuentes policiales confirmaron que se han recolectado evidencias en la escena del crimen y que se est\u00e1n siguiendo varias l\u00edneas de investigaci\u00f3n.<\/p>\n\n\n\n<p class=\"wp-block-paragraph\">La vicealcaldesa Espinal ha convocado a una rueda de prensa para m\u00e1s tarde hoy, donde se espera que brinde detalles sobre el incidente y emita un mensaje a la ciudadan\u00eda.<\/p>\n\n\n\n<p class=\"wp-block-paragraph\">Este nuevo intento de atentado contra un funcionario p\u00fablico pone de manifiesto la creciente ola de violencia que azota el pa\u00eds. Es fundamental que las autoridades act\u00faen con celeridad y eficacia para garantizar la seguridad de los ciudadanos y llevar ante la justicia a los responsables de este y otros hechos similares.<\/p>\n\n\n\n<figure class=\"wp-block-image size-large\"><img loading=\"lazy\" decoding=\"async\" width=\"819\" height=\"1024\" src=\"https:\/\/rr.unv-informacion.xyz\/wp-content\/uploads\/2025\/01\/474838356_18486647767016394_8941909736861512885_n-819x1024.jpg\" alt=\"\" class=\"wp-image-7207\" srcset=\"https:\/\/rr.unv-informacion.xyz\/wp-content\/uploads\/2025\/01\/474838356_18486647767016394_8941909736861512885_n-819x1024.jpg 819w, https:\/\/rr.unv-informacion.xyz\/wp-content\/uploads\/2025\/01\/474838356_18486647767016394_8941909736861512885_n-240x300.jpg 240w, https:\/\/rr.unv-informacion.xyz\/wp-content\/uploads\/2025\/01\/474838356_18486647767016394_8941909736861512885_n.jpg 1440w\" sizes=\"auto, (max-width: 819px) 100vw, 819px\" \/><\/figure>\n\n\n\n<figure class=\"wp-block-image size-full\"><img loading=\"lazy\" decoding=\"async\" width=\"769\" height=\"935\" src=\"https:\/\/rr.unv-informacion.xyz\/wp-content\/uploads\/2025\/01\/WhatsApp-Image-2025-01-23-at-6.46.49-AM.webp\" alt=\"\" class=\"wp-image-7208\" srcset=\"https:\/\/rr.unv-informacion.xyz\/wp-content\/uploads\/2025\/01\/WhatsApp-Image-2025-01-23-at-6.46.49-AM.webp 769w, https:\/\/rr.unv-informacion.xyz\/wp-content\/uploads\/2025\/01\/WhatsApp-Image-2025-01-23-at-6.46.49-AM-247x300.webp 247w, https:\/\/rr.unv-informacion.xyz\/wp-content\/uploads\/2025\/01\/WhatsApp-Image-2025-01-23-at-6.46.49-AM-345x420.webp 345w, https:\/\/rr.unv-informacion.xyz\/wp-content\/uploads\/2025\/01\/WhatsApp-Image-2025-01-23-at-6.46.49-AM-640x778.webp 640w, https:\/\/rr.unv-informacion.xyz\/wp-content\/uploads\/2025\/01\/WhatsApp-Image-2025-01-23-at-6.46.49-AM-681x828.webp 681w\" sizes=\"auto, (max-width: 769px) 100vw, 769px\" \/><\/figure>\n","protected":false},"excerpt":{"rendered":"<p>San Jos\u00e9 de las Matas, Santiago, Rep\u00fablica Dominicana \u2013 En un hecho que ha conmocionado a la comunidad, la vicealcaldesa Yolanda Espinal sufri\u00f3 un atentado en la madrugada de hoy en su residencia ubicada en la urbanizaci\u00f3n Zarzuela. Seg\u00fan informaciones preliminares, sujetos desconocidos dispararon en m\u00faltiples ocasiones contra la vivienda, impactando tanto el veh\u00edculo de [&hellip;]<\/p>\n","protected":false},"author":1,"featured_media":7207,"comment_status":"open","ping_status":"open","sticky":false,"template":"","format":"standard","meta":{"footnotes":""},"categories":[1],"tags":[],"class_list":["post-7206","post","type-post","status-publish","format-standard","has-post-thumbnail","hentry","category-uncategorized"],"_links":{"self":[{"href":"https:\/\/rr.unv-informacion.xyz\/index.php?rest_route=\/wp\/v2\/posts\/7206","targetHints":{"allow":["GET"]}}],"collection":[{"href":"https:\/\/rr.unv-informacion.xyz\/index.php?rest_route=\/wp\/v2\/posts"}],"about":[{"href":"https:\/\/rr.unv-informacion.xyz\/index.php?rest_route=\/wp\/v2\/types\/post"}],"author":[{"embeddable":true,"href":"https:\/\/rr.unv-informacion.xyz\/index.php?rest_route=\/wp\/v2\/users\/1"}],"replies":[{"embeddable":true,"href":"https:\/\/rr.unv-informacion.xyz\/index.php?rest_route=%2Fwp%2Fv2%2Fcomments&post=7206"}],"version-history":[{"count":1,"href":"https:\/\/rr.unv-informacion.xyz\/index.php?rest_route=\/wp\/v2\/posts\/7206\/revisions"}],"predecessor-version":[{"id":7209,"href":"https:\/\/rr.unv-informacion.xyz\/index.php?rest_route=\/wp\/v2\/posts\/7206\/revisions\/7209"}],"wp:featuredmedia":[{"embeddable":true,"href":"https:\/\/rr.unv-informacion.xyz\/index.php?rest_route=\/wp\/v2\/media\/7207"}],"wp:attachment":[{"href":"https:\/\/rr.unv-informacion.xyz\/index.php?rest_route=%2Fwp%2Fv2%2Fmedia&parent=7206"}],"wp:term":[{"taxonomy":"category","embeddable":true,"href":"https:\/\/rr.unv-informacion.xyz\/index.php?rest_route=%2Fwp%2Fv2%2Fcategories&post=7206"},{"taxonomy":"post_tag","embeddable":true,"href":"https:\/\/rr.unv-informacion.xyz\/index.php?rest_route=%2Fwp%2Fv2%2Ftags&post=7206"}],"curies":[{"name":"wp","href":"https:\/\/api.w.org\/{rel}","templated":true}]}}