{"id":7214,"date":"2025-01-24T18:27:12","date_gmt":"2025-01-24T18:27:12","guid":{"rendered":"https:\/\/rr.unv-informacion.xyz\/?p=7214"},"modified":"2025-01-24T18:27:12","modified_gmt":"2025-01-24T18:27:12","slug":"el-pequeno-angel-yadiel-de-jesus-figari-de-solo-5","status":"publish","type":"post","link":"https:\/\/rr.unv-informacion.xyz\/?p=7214","title":{"rendered":"El peque\u00f1o\u00a0\u00c1ngel Yadiel de Jes\u00fas Figari, de solo 5"},"content":{"rendered":"\n<p class=\"wp-block-paragraph\">Un beb\u00e9 de 5 meses falleci\u00f3 en una guarder\u00eda de Monte Plata por presunta asfixia al ingerir leche. Las autoridades investigan el caso.<\/p>\n\n\n\n<p class=\"wp-block-paragraph\">El peque\u00f1o \u00c1ngel Yadiel de Jes\u00fas Figari, de solo 5 meses, falleci\u00f3 en una guarder\u00eda privada de Monte Plata. Se cree que la causa fue asfixia mientras tomaba leche.<\/p>\n\n\n\n<p class=\"wp-block-paragraph\">Su madre, Johanna Beatriz Figari, cont\u00f3 que la llamaron del centro para avisarle que su hijo no estaba bien. Al llegar al Hospital \u00c1ngel Contreras, los m\u00e9dicos confirmaron que el beb\u00e9 ya no ten\u00eda signos vitales.<\/p>\n\n\n\n<p class=\"wp-block-paragraph\">La pediatra Dahiana Pichardo se\u00f1al\u00f3 que la causa probable fue broncoaspiraci\u00f3n, pero se esperan investigaciones para confirmar lo sucedido.<\/p>\n\n\n\n<p class=\"wp-block-paragraph\">La madre, muy afectada, dijo entre l\u00e1grimas: \u201cYo le dej\u00e9 bien\u201d, refiri\u00e9ndose a su hijo antes de dejarlo en la guarder\u00eda.<\/p>\n\n\n\n<p class=\"wp-block-paragraph\">\u00c1ngel Yadiel era el segundo hijo de Johanna y el primero de Adolfo de Jes\u00fas Hern\u00e1ndez. Sus padres est\u00e1n devastados por la p\u00e9rdida y esperan respuestas claras sobre lo sucedido.<\/p>\n\n\n\n<p class=\"wp-block-paragraph\">El cuerpo del beb\u00e9 fue enviado al Instituto Nacional de Ciencias Forenses (Inacif) para ex\u00e1menes m\u00e1s detallados. Las autoridades locales est\u00e1n investigando el caso para esclarecer las circunstancias de la muerte del beb\u00e9.<\/p>\n\n\n\n<figure class=\"wp-block-image size-full\"><img loading=\"lazy\" decoding=\"async\" width=\"526\" height=\"701\" src=\"https:\/\/rr.unv-informacion.xyz\/wp-content\/uploads\/2025\/01\/474578855_930663135822739_4262804745164019793_n.jpg\" alt=\"\" class=\"wp-image-7215\" srcset=\"https:\/\/rr.unv-informacion.xyz\/wp-content\/uploads\/2025\/01\/474578855_930663135822739_4262804745164019793_n.jpg 526w, https:\/\/rr.unv-informacion.xyz\/wp-content\/uploads\/2025\/01\/474578855_930663135822739_4262804745164019793_n-225x300.jpg 225w, https:\/\/rr.unv-informacion.xyz\/wp-content\/uploads\/2025\/01\/474578855_930663135822739_4262804745164019793_n-315x420.jpg 315w\" sizes=\"auto, (max-width: 526px) 100vw, 526px\" \/><\/figure>\n","protected":false},"excerpt":{"rendered":"<p>Un beb\u00e9 de 5 meses falleci\u00f3 en una guarder\u00eda de Monte Plata por presunta asfixia al ingerir leche. Las autoridades investigan el caso. El peque\u00f1o \u00c1ngel Yadiel de Jes\u00fas Figari, de solo 5 meses, falleci\u00f3 en una guarder\u00eda privada de Monte Plata. Se cree que la causa fue asfixia mientras tomaba leche. Su madre, Johanna [&hellip;]<\/p>\n","protected":false},"author":1,"featured_media":7215,"comment_status":"open","ping_status":"open","sticky":false,"template":"","format":"standard","meta":{"footnotes":""},"categories":[1],"tags":[],"class_list":["post-7214","post","type-post","status-publish","format-standard","has-post-thumbnail","hentry","category-uncategorized"],"_links":{"self":[{"href":"https:\/\/rr.unv-informacion.xyz\/index.php?rest_route=\/wp\/v2\/posts\/7214","targetHints":{"allow":["GET"]}}],"collection":[{"href":"https:\/\/rr.unv-informacion.xyz\/index.php?rest_route=\/wp\/v2\/posts"}],"about":[{"href":"https:\/\/rr.unv-informacion.xyz\/index.php?rest_route=\/wp\/v2\/types\/post"}],"author":[{"embeddable":true,"href":"https:\/\/rr.unv-informacion.xyz\/index.php?rest_route=\/wp\/v2\/users\/1"}],"replies":[{"embeddable":true,"href":"https:\/\/rr.unv-informacion.xyz\/index.php?rest_route=%2Fwp%2Fv2%2Fcomments&post=7214"}],"version-history":[{"count":1,"href":"https:\/\/rr.unv-informacion.xyz\/index.php?rest_route=\/wp\/v2\/posts\/7214\/revisions"}],"predecessor-version":[{"id":7216,"href":"https:\/\/rr.unv-informacion.xyz\/index.php?rest_route=\/wp\/v2\/posts\/7214\/revisions\/7216"}],"wp:featuredmedia":[{"embeddable":true,"href":"https:\/\/rr.unv-informacion.xyz\/index.php?rest_route=\/wp\/v2\/media\/7215"}],"wp:attachment":[{"href":"https:\/\/rr.unv-informacion.xyz\/index.php?rest_route=%2Fwp%2Fv2%2Fmedia&parent=7214"}],"wp:term":[{"taxonomy":"category","embeddable":true,"href":"https:\/\/rr.unv-informacion.xyz\/index.php?rest_route=%2Fwp%2Fv2%2Fcategories&post=7214"},{"taxonomy":"post_tag","embeddable":true,"href":"https:\/\/rr.unv-informacion.xyz\/index.php?rest_route=%2Fwp%2Fv2%2Ftags&post=7214"}],"curies":[{"name":"wp","href":"https:\/\/api.w.org\/{rel}","templated":true}]}}