{"id":7226,"date":"2025-01-25T19:08:27","date_gmt":"2025-01-25T19:08:27","guid":{"rendered":"https:\/\/rr.unv-informacion.xyz\/?p=7226"},"modified":"2025-01-25T19:08:28","modified_gmt":"2025-01-25T19:08:28","slug":"alexander-mejia-caraballo","status":"publish","type":"post","link":"https:\/\/rr.unv-informacion.xyz\/?p=7226","title":{"rendered":"Alexander Mej\u00eda Caraballo"},"content":{"rendered":"\n<p class=\"wp-block-paragraph\">En un operativo policial llevado a cabo recientemente, fue capturado y llevado arrestado para ser llevado al Cuartel General de La Vega, a un ciudadano llamado Alexander Mej\u00eda Caraballo, de 36 a\u00f1os de edad, quien se encontraba pr\u00f3fugo de la justicia tras ser acusado de abusar y embarazar a su hija de 16 a\u00f1os.<\/p>\n\n\n\n<p class=\"wp-block-paragraph\">Los hechos ocurrieron hace aproximadamente 8 meses en Jarabacoa, en la provincia de La Vega. Este caso ha conmocionado a la comunidad y ha puesto en evidencia la grave problem\u00e1tica de la violencia sexual en el pa\u00eds.<\/p>\n\n\n\n<p class=\"wp-block-paragraph\">Las autoridades se encuentran investigando el caso y brindando apoyo a la v\u00edctima, mientras Mej\u00eda Caraballo enfrenta las consecuencias legales de sus acciones.<\/p>\n\n\n\n<p class=\"wp-block-paragraph\">Cuando el hombre era llevado por las autoridades para los fines respectivos de Ley, el mismo fue abordado por medios de comunicaci\u00f3n, pero no emiti\u00f3 declaraciones al respecto.<\/p>\n\n\n\n<p class=\"wp-block-paragraph\">La situaci\u00f3n ha generado un debate sobre la protecci\u00f3n de los menores y la necesidad de implementar medidas m\u00e1s efectivas para prevenir y sancionar este tipo de delitos.<\/p>\n\n\n\n<figure class=\"wp-block-embed is-type-video is-provider-youtube wp-block-embed-youtube wp-embed-aspect-16-9 wp-has-aspect-ratio\"><div class=\"wp-block-embed__wrapper\">\n<iframe loading=\"lazy\" title=\"DIABLO: SE JODIO, MAL PRESO CALL\u00d8, LO ACUSAN DE EMBARZAR A SU HIJA DE 13 A\u00d1OS\" width=\"640\" height=\"360\" src=\"https:\/\/www.youtube.com\/embed\/R4j9XX7dcTY?feature=oembed\" frameborder=\"0\" allow=\"accelerometer; autoplay; clipboard-write; encrypted-media; gyroscope; picture-in-picture; web-share\" referrerpolicy=\"strict-origin-when-cross-origin\" allowfullscreen><\/iframe>\n<\/div><\/figure>\n","protected":false},"excerpt":{"rendered":"<p>En un operativo policial llevado a cabo recientemente, fue capturado y llevado arrestado para ser llevado al Cuartel General de La Vega, a un ciudadano llamado Alexander Mej\u00eda Caraballo, de 36 a\u00f1os de edad, quien se encontraba pr\u00f3fugo de la justicia tras ser acusado de abusar y embarazar a su hija de 16 a\u00f1os. Los [&hellip;]<\/p>\n","protected":false},"author":1,"featured_media":7227,"comment_status":"open","ping_status":"open","sticky":false,"template":"","format":"standard","meta":{"footnotes":""},"categories":[1],"tags":[],"class_list":["post-7226","post","type-post","status-publish","format-standard","has-post-thumbnail","hentry","category-uncategorized"],"_links":{"self":[{"href":"https:\/\/rr.unv-informacion.xyz\/index.php?rest_route=\/wp\/v2\/posts\/7226","targetHints":{"allow":["GET"]}}],"collection":[{"href":"https:\/\/rr.unv-informacion.xyz\/index.php?rest_route=\/wp\/v2\/posts"}],"about":[{"href":"https:\/\/rr.unv-informacion.xyz\/index.php?rest_route=\/wp\/v2\/types\/post"}],"author":[{"embeddable":true,"href":"https:\/\/rr.unv-informacion.xyz\/index.php?rest_route=\/wp\/v2\/users\/1"}],"replies":[{"embeddable":true,"href":"https:\/\/rr.unv-informacion.xyz\/index.php?rest_route=%2Fwp%2Fv2%2Fcomments&post=7226"}],"version-history":[{"count":1,"href":"https:\/\/rr.unv-informacion.xyz\/index.php?rest_route=\/wp\/v2\/posts\/7226\/revisions"}],"predecessor-version":[{"id":7228,"href":"https:\/\/rr.unv-informacion.xyz\/index.php?rest_route=\/wp\/v2\/posts\/7226\/revisions\/7228"}],"wp:featuredmedia":[{"embeddable":true,"href":"https:\/\/rr.unv-informacion.xyz\/index.php?rest_route=\/wp\/v2\/media\/7227"}],"wp:attachment":[{"href":"https:\/\/rr.unv-informacion.xyz\/index.php?rest_route=%2Fwp%2Fv2%2Fmedia&parent=7226"}],"wp:term":[{"taxonomy":"category","embeddable":true,"href":"https:\/\/rr.unv-informacion.xyz\/index.php?rest_route=%2Fwp%2Fv2%2Fcategories&post=7226"},{"taxonomy":"post_tag","embeddable":true,"href":"https:\/\/rr.unv-informacion.xyz\/index.php?rest_route=%2Fwp%2Fv2%2Ftags&post=7226"}],"curies":[{"name":"wp","href":"https:\/\/api.w.org\/{rel}","templated":true}]}}