{"id":7229,"date":"2025-01-25T19:10:37","date_gmt":"2025-01-25T19:10:37","guid":{"rendered":"https:\/\/rr.unv-informacion.xyz\/?p=7229"},"modified":"2025-01-25T19:10:38","modified_gmt":"2025-01-25T19:10:38","slug":"sandra-echeverria","status":"publish","type":"post","link":"https:\/\/rr.unv-informacion.xyz\/?p=7229","title":{"rendered":"Sandra Echeverr\u00eda"},"content":{"rendered":"\n<p class=\"wp-block-paragraph\">La actriz Sandra Echeverr\u00eda, con ra\u00edces dominicanas, emprende acciones legales contra un vecino tras da\u00f1os por inundaci\u00f3n en su departamento en Los \u00c1ngeles.<\/p>\n\n\n\n<p class=\"wp-block-paragraph\">La actriz Sandra Echeverr\u00eda, quien tiene ra\u00edces dominicanas, est\u00e1 enfrentando un conflicto legal con un vecino de su antiguo edificio en Los \u00c1ngeles. Seg\u00fan Echeverr\u00eda, el vecino caus\u00f3 una inundaci\u00f3n en su departamento justo antes de que fuera vendido, lo que provoc\u00f3 graves da\u00f1os materiales y emocionales.<\/p>\n\n\n\n<p class=\"wp-block-paragraph\">A trav\u00e9s de un video en su cuenta de TikTok, Echeverr\u00eda comparti\u00f3 la dif\u00edcil situaci\u00f3n que la llev\u00f3 a tomar acciones legales contra el hombre, despu\u00e9s de intentar, sin \u00e9xito, llegar a un acuerdo amistoso.<\/p>\n\n\n<iframe loading=\"lazy\" src=\"https:\/\/www.facebook.com\/plugins\/video.php?href=https%3A%2F%2Fwww.facebook.com%2F100072685807846%2Fvideos%2F1966944753810001%2F%3Fref%3Dembed_video&#038;show_text=0&#038;width=375\" width=\"375\" height=\"476\" style=\"border:none;overflow:hidden\" scrolling=\"no\" frameborder=\"0\" allowfullscreen=\"true\" allow=\"autoplay; clipboard-write; encrypted-media; picture-in-picture; web-share\" allowFullScreen=\"true\"><\/iframe>","protected":false},"excerpt":{"rendered":"<p>La actriz Sandra Echeverr\u00eda, con ra\u00edces dominicanas, emprende acciones legales contra un vecino tras da\u00f1os por inundaci\u00f3n en su departamento en Los \u00c1ngeles. La actriz Sandra Echeverr\u00eda, quien tiene ra\u00edces dominicanas, est\u00e1 enfrentando un conflicto legal con un vecino de su antiguo edificio en Los \u00c1ngeles. Seg\u00fan Echeverr\u00eda, el vecino caus\u00f3 una inundaci\u00f3n en su [&hellip;]<\/p>\n","protected":false},"author":1,"featured_media":7230,"comment_status":"open","ping_status":"open","sticky":false,"template":"","format":"standard","meta":{"footnotes":""},"categories":[1],"tags":[],"class_list":["post-7229","post","type-post","status-publish","format-standard","has-post-thumbnail","hentry","category-uncategorized"],"_links":{"self":[{"href":"https:\/\/rr.unv-informacion.xyz\/index.php?rest_route=\/wp\/v2\/posts\/7229","targetHints":{"allow":["GET"]}}],"collection":[{"href":"https:\/\/rr.unv-informacion.xyz\/index.php?rest_route=\/wp\/v2\/posts"}],"about":[{"href":"https:\/\/rr.unv-informacion.xyz\/index.php?rest_route=\/wp\/v2\/types\/post"}],"author":[{"embeddable":true,"href":"https:\/\/rr.unv-informacion.xyz\/index.php?rest_route=\/wp\/v2\/users\/1"}],"replies":[{"embeddable":true,"href":"https:\/\/rr.unv-informacion.xyz\/index.php?rest_route=%2Fwp%2Fv2%2Fcomments&post=7229"}],"version-history":[{"count":1,"href":"https:\/\/rr.unv-informacion.xyz\/index.php?rest_route=\/wp\/v2\/posts\/7229\/revisions"}],"predecessor-version":[{"id":7231,"href":"https:\/\/rr.unv-informacion.xyz\/index.php?rest_route=\/wp\/v2\/posts\/7229\/revisions\/7231"}],"wp:featuredmedia":[{"embeddable":true,"href":"https:\/\/rr.unv-informacion.xyz\/index.php?rest_route=\/wp\/v2\/media\/7230"}],"wp:attachment":[{"href":"https:\/\/rr.unv-informacion.xyz\/index.php?rest_route=%2Fwp%2Fv2%2Fmedia&parent=7229"}],"wp:term":[{"taxonomy":"category","embeddable":true,"href":"https:\/\/rr.unv-informacion.xyz\/index.php?rest_route=%2Fwp%2Fv2%2Fcategories&post=7229"},{"taxonomy":"post_tag","embeddable":true,"href":"https:\/\/rr.unv-informacion.xyz\/index.php?rest_route=%2Fwp%2Fv2%2Ftags&post=7229"}],"curies":[{"name":"wp","href":"https:\/\/api.w.org\/{rel}","templated":true}]}}