{"id":7240,"date":"2025-01-26T19:27:03","date_gmt":"2025-01-26T19:27:03","guid":{"rendered":"https:\/\/rr.unv-informacion.xyz\/?p=7240"},"modified":"2025-01-26T19:27:03","modified_gmt":"2025-01-26T19:27:03","slug":"policia-activa-busqueda-de-haitiano-que-ultimo-a-comerciante-azuano-y-su-chofer","status":"publish","type":"post","link":"https:\/\/rr.unv-informacion.xyz\/?p=7240","title":{"rendered":"Polic\u00eda activa b\u00fasqueda de haitiano que ultim\u00f3 a comerciante azuano y su ch\u00f3fer"},"content":{"rendered":"\n<p class=\"wp-block-paragraph\">La Polic\u00eda Nacional inform\u00f3 que junto a representantes del Ministerio P\u00fablico (MP), activaron el operativo de localizaci\u00f3n de un haitiano acusado de ultimar por heridas de arma blanca a un comerciante oriundo de Azua y su ch\u00f3fer, cuyos cad\u00e1veres fueron encontrados la ma\u00f1ana del s\u00e1bado en una finca de la comunidad La Ceiba, paraje Las Mercedes, en Pedernales.<\/p>\n\n\n\n<p class=\"wp-block-paragraph\">Las v\u00edctimas son el se\u00f1or Juan Ram\u00f3n Almanzar Pujols y su conductor Rafael Alc\u00e1ntara (Felin), de 59 a\u00f1os.<\/p>\n\n\n\n<p class=\"wp-block-paragraph\">El cuerpo del orden, se\u00f1al\u00f3 que por el doble asesinato est\u00e1n buscando al haitiano Breison Pie, quien tambi\u00e9n laboraba para el se\u00f1or Almanzar Pujols.<\/p>\n\n\n\n<p class=\"wp-block-paragraph\">El reporte preliminar indica que las v\u00edctimas se dedicaban a la comercializaci\u00f3n de productos agr\u00edcolas en la zona fronteriza.<\/p>\n\n\n\n<p class=\"wp-block-paragraph\">El autor, conforme a los informes, era una persona de confianza de los occisos, quienes resid\u00edan en Azua.<\/p>\n\n\n\n<p class=\"wp-block-paragraph\">Ante el reciente hecho, la Polic\u00eda Nacional aprovech\u00f3 la ocasi\u00f3n para exhortar a las personas que utilizan los servicios de extranjeros, a gestionarles la regularizaci\u00f3n para que cuenten con datos reales sobre estos.<\/p>\n\n\n\n<p class=\"wp-block-paragraph\">The post Polic\u00eda activa b\u00fasqueda de haitiano que ultim\u00f3 a comerciante azuano y su ch\u00f3fer appeared first on El D\u00eda.<\/p>\n","protected":false},"excerpt":{"rendered":"<p>La Polic\u00eda Nacional inform\u00f3 que junto a representantes del Ministerio P\u00fablico (MP), activaron el operativo de localizaci\u00f3n de un haitiano acusado de ultimar por heridas de arma blanca a un comerciante oriundo de Azua y su ch\u00f3fer, cuyos cad\u00e1veres fueron encontrados la ma\u00f1ana del s\u00e1bado en una finca de la comunidad La Ceiba, paraje Las [&hellip;]<\/p>\n","protected":false},"author":1,"featured_media":7241,"comment_status":"open","ping_status":"open","sticky":false,"template":"","format":"standard","meta":{"footnotes":""},"categories":[1],"tags":[],"class_list":["post-7240","post","type-post","status-publish","format-standard","has-post-thumbnail","hentry","category-uncategorized"],"_links":{"self":[{"href":"https:\/\/rr.unv-informacion.xyz\/index.php?rest_route=\/wp\/v2\/posts\/7240","targetHints":{"allow":["GET"]}}],"collection":[{"href":"https:\/\/rr.unv-informacion.xyz\/index.php?rest_route=\/wp\/v2\/posts"}],"about":[{"href":"https:\/\/rr.unv-informacion.xyz\/index.php?rest_route=\/wp\/v2\/types\/post"}],"author":[{"embeddable":true,"href":"https:\/\/rr.unv-informacion.xyz\/index.php?rest_route=\/wp\/v2\/users\/1"}],"replies":[{"embeddable":true,"href":"https:\/\/rr.unv-informacion.xyz\/index.php?rest_route=%2Fwp%2Fv2%2Fcomments&post=7240"}],"version-history":[{"count":1,"href":"https:\/\/rr.unv-informacion.xyz\/index.php?rest_route=\/wp\/v2\/posts\/7240\/revisions"}],"predecessor-version":[{"id":7242,"href":"https:\/\/rr.unv-informacion.xyz\/index.php?rest_route=\/wp\/v2\/posts\/7240\/revisions\/7242"}],"wp:featuredmedia":[{"embeddable":true,"href":"https:\/\/rr.unv-informacion.xyz\/index.php?rest_route=\/wp\/v2\/media\/7241"}],"wp:attachment":[{"href":"https:\/\/rr.unv-informacion.xyz\/index.php?rest_route=%2Fwp%2Fv2%2Fmedia&parent=7240"}],"wp:term":[{"taxonomy":"category","embeddable":true,"href":"https:\/\/rr.unv-informacion.xyz\/index.php?rest_route=%2Fwp%2Fv2%2Fcategories&post=7240"},{"taxonomy":"post_tag","embeddable":true,"href":"https:\/\/rr.unv-informacion.xyz\/index.php?rest_route=%2Fwp%2Fv2%2Ftags&post=7240"}],"curies":[{"name":"wp","href":"https:\/\/api.w.org\/{rel}","templated":true}]}}