{"id":7249,"date":"2025-01-27T14:48:12","date_gmt":"2025-01-27T14:48:12","guid":{"rendered":"https:\/\/rr.unv-informacion.xyz\/?p=7249"},"modified":"2025-01-27T14:48:13","modified_gmt":"2025-01-27T14:48:13","slug":"luis-eduardo-montero-urbaez","status":"publish","type":"post","link":"https:\/\/rr.unv-informacion.xyz\/?p=7249","title":{"rendered":"Luis Eduardo Montero Urb\u00e1ez"},"content":{"rendered":"\n<p class=\"wp-block-paragraph\">Fue Ases\u00a1nado el raso del Ej\u00e9rcito de la Rep\u00fablica Dominicana (ERD) Luis Eduardo Montero Urb\u00e1ez, el cual falleci\u00f3 la noche de este domingo tras ser impactado por varios disparos mientras se encontraba frente a su residencia en el sector La Raqueta, del barrio Camboya de esta ciudad.<\/p>\n\n\n\n<p class=\"wp-block-paragraph\">El incidente ocurri\u00f3 mientras Montero Urb\u00e1ez, quien estaba de servicio en Villa Mella, compart\u00eda con familiares y amigos en su tiempo libre. Seg\u00fan el informe preliminar, durante el tiroteo tambi\u00e9n result\u00f3 herido el nombrado Randi Alfonso Carrasco, quien fue trasladado al Hospital Regional Docente Universitario Jaime Mota, donde recibe atenci\u00f3n m\u00e9dica.<\/p>\n\n\n\n<p class=\"wp-block-paragraph\">El personal m\u00e9dico del hospital confirm\u00f3 que Montero Urb\u00e1ez lleg\u00f3 sin vida al centro, por lo que su cuerpo fue depositado en la morgue. Las autoridades policiales investigan las circunstancias del hecho y su posible conexi\u00f3n con un incidente previo ocurrido en la misma zona el pasado 1 de enero, que dej\u00f3 dos personas fallecidas y varios detenidos.<\/p>\n\n\n\n<p class=\"wp-block-paragraph\">La Polic\u00eda Nacional y miembros del Dicrim acudieron al lugar, junto con efectivos de la Quinta Brigada de Infanter\u00eda del ERD, para recopilar informaci\u00f3n y continuar las indagatorias.<\/p>\n\n\n\n<p class=\"wp-block-paragraph\">El suceso ha generado preocupaci\u00f3n entre los residentes del sector, quienes esperan que las autoridades esclarezcan el caso.<\/p>\n\n\n\n<figure class=\"wp-block-image size-large\"><img loading=\"lazy\" decoding=\"async\" width=\"815\" height=\"1024\" src=\"https:\/\/rr.unv-informacion.xyz\/wp-content\/uploads\/2025\/01\/475022650_8996887443766659_6112438441115322124_n-815x1024.jpg\" alt=\"\" class=\"wp-image-7250\" srcset=\"https:\/\/rr.unv-informacion.xyz\/wp-content\/uploads\/2025\/01\/475022650_8996887443766659_6112438441115322124_n-815x1024.jpg 815w, https:\/\/rr.unv-informacion.xyz\/wp-content\/uploads\/2025\/01\/475022650_8996887443766659_6112438441115322124_n-239x300.jpg 239w, https:\/\/rr.unv-informacion.xyz\/wp-content\/uploads\/2025\/01\/475022650_8996887443766659_6112438441115322124_n.jpg 1242w\" sizes=\"auto, (max-width: 815px) 100vw, 815px\" \/><\/figure>\n\n\n\n<p class=\"wp-block-paragraph\"><a href=\"https:\/\/t.me\/diliexdigital\/875\">IMAGEN FUERTE<\/a><\/p>\n","protected":false},"excerpt":{"rendered":"<p>Fue Ases\u00a1nado el raso del Ej\u00e9rcito de la Rep\u00fablica Dominicana (ERD) Luis Eduardo Montero Urb\u00e1ez, el cual falleci\u00f3 la noche de este domingo tras ser impactado por varios disparos mientras se encontraba frente a su residencia en el sector La Raqueta, del barrio Camboya de esta ciudad. El incidente ocurri\u00f3 mientras Montero Urb\u00e1ez, quien estaba [&hellip;]<\/p>\n","protected":false},"author":1,"featured_media":7250,"comment_status":"open","ping_status":"open","sticky":false,"template":"","format":"standard","meta":{"footnotes":""},"categories":[1],"tags":[],"class_list":["post-7249","post","type-post","status-publish","format-standard","has-post-thumbnail","hentry","category-uncategorized"],"_links":{"self":[{"href":"https:\/\/rr.unv-informacion.xyz\/index.php?rest_route=\/wp\/v2\/posts\/7249","targetHints":{"allow":["GET"]}}],"collection":[{"href":"https:\/\/rr.unv-informacion.xyz\/index.php?rest_route=\/wp\/v2\/posts"}],"about":[{"href":"https:\/\/rr.unv-informacion.xyz\/index.php?rest_route=\/wp\/v2\/types\/post"}],"author":[{"embeddable":true,"href":"https:\/\/rr.unv-informacion.xyz\/index.php?rest_route=\/wp\/v2\/users\/1"}],"replies":[{"embeddable":true,"href":"https:\/\/rr.unv-informacion.xyz\/index.php?rest_route=%2Fwp%2Fv2%2Fcomments&post=7249"}],"version-history":[{"count":1,"href":"https:\/\/rr.unv-informacion.xyz\/index.php?rest_route=\/wp\/v2\/posts\/7249\/revisions"}],"predecessor-version":[{"id":7251,"href":"https:\/\/rr.unv-informacion.xyz\/index.php?rest_route=\/wp\/v2\/posts\/7249\/revisions\/7251"}],"wp:featuredmedia":[{"embeddable":true,"href":"https:\/\/rr.unv-informacion.xyz\/index.php?rest_route=\/wp\/v2\/media\/7250"}],"wp:attachment":[{"href":"https:\/\/rr.unv-informacion.xyz\/index.php?rest_route=%2Fwp%2Fv2%2Fmedia&parent=7249"}],"wp:term":[{"taxonomy":"category","embeddable":true,"href":"https:\/\/rr.unv-informacion.xyz\/index.php?rest_route=%2Fwp%2Fv2%2Fcategories&post=7249"},{"taxonomy":"post_tag","embeddable":true,"href":"https:\/\/rr.unv-informacion.xyz\/index.php?rest_route=%2Fwp%2Fv2%2Ftags&post=7249"}],"curies":[{"name":"wp","href":"https:\/\/api.w.org\/{rel}","templated":true}]}}