{"id":7262,"date":"2025-01-28T18:27:19","date_gmt":"2025-01-28T18:27:19","guid":{"rendered":"https:\/\/rr.unv-informacion.xyz\/?p=7262"},"modified":"2025-01-28T18:27:20","modified_gmt":"2025-01-28T18:27:20","slug":"jose-adalberto-ovalles","status":"publish","type":"post","link":"https:\/\/rr.unv-informacion.xyz\/?p=7262","title":{"rendered":"Jos\u00e9 Adalberto Ovalles"},"content":{"rendered":"\n<p class=\"wp-block-paragraph\">Recibimos el informe de un accidente de tr\u00e1nsito se registr\u00f3 alrededor de las 9:00 de la ma\u00f1ana de este martes en la Avenida Anacaona, a la altura de la intersecci\u00f3n con la calle Presidente Antonio Guzm\u00e1n.<\/p>\n\n\n\n<p class=\"wp-block-paragraph\">El hecho dej\u00f3 una persona fallecida y dos heridos.<\/p>\n\n\n\n<p class=\"wp-block-paragraph\">El fallecido fue identificado como Jos\u00e9 Adalberto Ovalles, de 37 a\u00f1os, residente en Cristo Rey, seg\u00fan su identificaci\u00f3n.<\/p>\n\n\n\n<p class=\"wp-block-paragraph\">Ovalles fue embestido por un veh\u00edculo mientras transitaba por la concurrida v\u00eda, realizando sus labores como motoconchista, seg\u00fan informaci\u00f3n preliminar a\u00fan no confirmada.<\/p>\n\n\n\n<p class=\"wp-block-paragraph\">Testigos en el lugar indicaron que Ovalles se encontraba acompa\u00f1ado de otras dos personas, quienes fueron trasladadas de inmediato a un centro de salud de la capital con diversas heridas.<\/p>\n\n\n\n<p class=\"wp-block-paragraph\">Las autoridades, incluyendo miembros de la Polic\u00eda Nacional y la Direcci\u00f3n General de Seguridad de Tr\u00e1nsito y Transporte Terrestre (DIGESETT), se encuentran en la escena a la espera del m\u00e9dico legista para el levantamiento del cad\u00e1ver y las investigaciones pertinentes.<\/p>\n\n\n\n<figure class=\"wp-block-image size-full\"><img loading=\"lazy\" decoding=\"async\" width=\"262\" height=\"311\" src=\"https:\/\/rr.unv-informacion.xyz\/wp-content\/uploads\/2025\/01\/1506A219-3168-4ACD-819C-D30547E2FBE7.webp\" alt=\"\" class=\"wp-image-7263\" srcset=\"https:\/\/rr.unv-informacion.xyz\/wp-content\/uploads\/2025\/01\/1506A219-3168-4ACD-819C-D30547E2FBE7.webp 262w, https:\/\/rr.unv-informacion.xyz\/wp-content\/uploads\/2025\/01\/1506A219-3168-4ACD-819C-D30547E2FBE7-253x300.webp 253w\" sizes=\"auto, (max-width: 262px) 100vw, 262px\" \/><\/figure>\n\n\n<iframe loading=\"lazy\" src=\"https:\/\/web.facebook.com\/plugins\/video.php?href=https%3A%2F%2Fweb.facebook.com%2Fjohanne.polanco%2Fvideos%2F523119190182640%2F%3Fref%3Dembed_video&#038;show_text=0&#038;width=476\" width=\"476\" height=\"476\" style=\"border:none;overflow:hidden\" scrolling=\"no\" frameborder=\"0\" allowfullscreen=\"true\" allow=\"autoplay; clipboard-write; encrypted-media; picture-in-picture; web-share\" allowFullScreen=\"true\"><\/iframe>","protected":false},"excerpt":{"rendered":"<p>Recibimos el informe de un accidente de tr\u00e1nsito se registr\u00f3 alrededor de las 9:00 de la ma\u00f1ana de este martes en la Avenida Anacaona, a la altura de la intersecci\u00f3n con la calle Presidente Antonio Guzm\u00e1n. El hecho dej\u00f3 una persona fallecida y dos heridos. El fallecido fue identificado como Jos\u00e9 Adalberto Ovalles, de 37 [&hellip;]<\/p>\n","protected":false},"author":1,"featured_media":7263,"comment_status":"open","ping_status":"open","sticky":false,"template":"","format":"standard","meta":{"footnotes":""},"categories":[1],"tags":[],"class_list":["post-7262","post","type-post","status-publish","format-standard","has-post-thumbnail","hentry","category-uncategorized"],"_links":{"self":[{"href":"https:\/\/rr.unv-informacion.xyz\/index.php?rest_route=\/wp\/v2\/posts\/7262","targetHints":{"allow":["GET"]}}],"collection":[{"href":"https:\/\/rr.unv-informacion.xyz\/index.php?rest_route=\/wp\/v2\/posts"}],"about":[{"href":"https:\/\/rr.unv-informacion.xyz\/index.php?rest_route=\/wp\/v2\/types\/post"}],"author":[{"embeddable":true,"href":"https:\/\/rr.unv-informacion.xyz\/index.php?rest_route=\/wp\/v2\/users\/1"}],"replies":[{"embeddable":true,"href":"https:\/\/rr.unv-informacion.xyz\/index.php?rest_route=%2Fwp%2Fv2%2Fcomments&post=7262"}],"version-history":[{"count":1,"href":"https:\/\/rr.unv-informacion.xyz\/index.php?rest_route=\/wp\/v2\/posts\/7262\/revisions"}],"predecessor-version":[{"id":7264,"href":"https:\/\/rr.unv-informacion.xyz\/index.php?rest_route=\/wp\/v2\/posts\/7262\/revisions\/7264"}],"wp:featuredmedia":[{"embeddable":true,"href":"https:\/\/rr.unv-informacion.xyz\/index.php?rest_route=\/wp\/v2\/media\/7263"}],"wp:attachment":[{"href":"https:\/\/rr.unv-informacion.xyz\/index.php?rest_route=%2Fwp%2Fv2%2Fmedia&parent=7262"}],"wp:term":[{"taxonomy":"category","embeddable":true,"href":"https:\/\/rr.unv-informacion.xyz\/index.php?rest_route=%2Fwp%2Fv2%2Fcategories&post=7262"},{"taxonomy":"post_tag","embeddable":true,"href":"https:\/\/rr.unv-informacion.xyz\/index.php?rest_route=%2Fwp%2Fv2%2Ftags&post=7262"}],"curies":[{"name":"wp","href":"https:\/\/api.w.org\/{rel}","templated":true}]}}