{"id":7296,"date":"2025-02-01T14:12:33","date_gmt":"2025-02-01T14:12:33","guid":{"rendered":"https:\/\/rr.unv-informacion.xyz\/?p=7296"},"modified":"2025-02-01T14:12:33","modified_gmt":"2025-02-01T14:12:33","slug":"felix-joan-bido-reynoso","status":"publish","type":"post","link":"https:\/\/rr.unv-informacion.xyz\/?p=7296","title":{"rendered":"F\u00e9lix Joan Bido Reynoso"},"content":{"rendered":"\n<p class=\"wp-block-paragraph\">F\u00e9lix Joan Bido Reynoso, capit\u00e1n del DICRIM, muri\u00f3 en un accidente en la carretera Puerto Plata \u2013 Maim\u00f3n. Autoridades investigan las causas.<\/p>\n\n\n\n<p class=\"wp-block-paragraph\">Las autoridades identificaron a F\u00e9lix Joan Bido Reynoso como la v\u00edctima del accidente ocurrido en la carretera Puerto Plata \u2013 Maim\u00f3n, en el tramo El Vertedero.<\/p>\n\n\n\n<p class=\"wp-block-paragraph\">Seg\u00fan informaci\u00f3n preliminar, Bido Reynoso era miembro de la Polic\u00eda Nacional y ocupaba el cargo de capit\u00e1n en el Departamento de Investigaciones Criminales (DICRIM).<\/p>\n\n\n\n<p class=\"wp-block-paragraph\">Por ahora, se desconocen las causas exactas del accidente. Las autoridades siguen investigando para esclarecer lo sucedido.<\/p>\n\n\n\n<p class=\"wp-block-paragraph\">La muerte de Bido Reynoso ha causado gran tristeza en la comunidad de Navas, Los Hidalgos, su lugar de origen. Familiares, amigos y compa\u00f1eros de trabajo lamentan profundamente su inesperada partida.<\/p>\n\n\n<p><iframe loading=\"lazy\" src=\"https:\/\/www.facebook.com\/plugins\/video.php?href=https%3A%2F%2Fwww.facebook.com%2Fsucesosdeldiard%2Fvideos%2F1169111931586702%2F%3Fref%3Dembed_video&#038;show_text=0&#038;width=265\" width=\"265\" height=\"476\" style=\"border:none;overflow:hidden\" scrolling=\"no\" frameborder=\"0\" allowfullscreen=\"true\" allow=\"autoplay; clipboard-write; encrypted-media; picture-in-picture; web-share\" allowFullScreen=\"true\"><\/iframe><br \/>\n<iframe loading=\"lazy\" src=\"https:\/\/www.facebook.com\/plugins\/video.php?href=https%3A%2F%2Fwww.facebook.com%2Fsucesosdeldiard%2Fvideos%2F1852042482271921%2F%3Fref%3Dembed_video&#038;show_text=0&#038;width=265\" width=\"265\" height=\"476\" style=\"border:none;overflow:hidden\" scrolling=\"no\" frameborder=\"0\" allowfullscreen=\"true\" allow=\"autoplay; clipboard-write; encrypted-media; picture-in-picture; web-share\" allowFullScreen=\"true\"><\/iframe><\/p>\n\n\n<p class=\"wp-block-paragraph\"><a href=\"https:\/\/lasimagenesdeloshechos.com\/2025\/01\/31\/45898\/\">IMAGEN FUERTE<\/a><\/p>\n","protected":false},"excerpt":{"rendered":"<p>F\u00e9lix Joan Bido Reynoso, capit\u00e1n del DICRIM, muri\u00f3 en un accidente en la carretera Puerto Plata \u2013 Maim\u00f3n. Autoridades investigan las causas. Las autoridades identificaron a F\u00e9lix Joan Bido Reynoso como la v\u00edctima del accidente ocurrido en la carretera Puerto Plata \u2013 Maim\u00f3n, en el tramo El Vertedero. Seg\u00fan informaci\u00f3n preliminar, Bido Reynoso era miembro [&hellip;]<\/p>\n","protected":false},"author":1,"featured_media":7298,"comment_status":"open","ping_status":"open","sticky":false,"template":"","format":"standard","meta":{"footnotes":""},"categories":[1],"tags":[],"class_list":["post-7296","post","type-post","status-publish","format-standard","has-post-thumbnail","hentry","category-uncategorized"],"_links":{"self":[{"href":"https:\/\/rr.unv-informacion.xyz\/index.php?rest_route=\/wp\/v2\/posts\/7296","targetHints":{"allow":["GET"]}}],"collection":[{"href":"https:\/\/rr.unv-informacion.xyz\/index.php?rest_route=\/wp\/v2\/posts"}],"about":[{"href":"https:\/\/rr.unv-informacion.xyz\/index.php?rest_route=\/wp\/v2\/types\/post"}],"author":[{"embeddable":true,"href":"https:\/\/rr.unv-informacion.xyz\/index.php?rest_route=\/wp\/v2\/users\/1"}],"replies":[{"embeddable":true,"href":"https:\/\/rr.unv-informacion.xyz\/index.php?rest_route=%2Fwp%2Fv2%2Fcomments&post=7296"}],"version-history":[{"count":1,"href":"https:\/\/rr.unv-informacion.xyz\/index.php?rest_route=\/wp\/v2\/posts\/7296\/revisions"}],"predecessor-version":[{"id":7299,"href":"https:\/\/rr.unv-informacion.xyz\/index.php?rest_route=\/wp\/v2\/posts\/7296\/revisions\/7299"}],"wp:featuredmedia":[{"embeddable":true,"href":"https:\/\/rr.unv-informacion.xyz\/index.php?rest_route=\/wp\/v2\/media\/7298"}],"wp:attachment":[{"href":"https:\/\/rr.unv-informacion.xyz\/index.php?rest_route=%2Fwp%2Fv2%2Fmedia&parent=7296"}],"wp:term":[{"taxonomy":"category","embeddable":true,"href":"https:\/\/rr.unv-informacion.xyz\/index.php?rest_route=%2Fwp%2Fv2%2Fcategories&post=7296"},{"taxonomy":"post_tag","embeddable":true,"href":"https:\/\/rr.unv-informacion.xyz\/index.php?rest_route=%2Fwp%2Fv2%2Ftags&post=7296"}],"curies":[{"name":"wp","href":"https:\/\/api.w.org\/{rel}","templated":true}]}}