{"id":7300,"date":"2025-02-01T14:18:32","date_gmt":"2025-02-01T14:18:32","guid":{"rendered":"https:\/\/rr.unv-informacion.xyz\/?p=7300"},"modified":"2025-02-01T14:18:32","modified_gmt":"2025-02-01T14:18:32","slug":"por-culpa-de-una-cancion","status":"publish","type":"post","link":"https:\/\/rr.unv-informacion.xyz\/?p=7300","title":{"rendered":"Por culpa de una canci\u00f3n."},"content":{"rendered":"\n<p class=\"wp-block-paragraph\">En los \u00faltimos d\u00edas, un caso de violencia contra una mujer ha encendido las alarmas en redes sociales y ha generado una ola de indignaci\u00f3n por una canci\u00f3n llamada \u00bb \ud83c\udfb5\ud83c\udfb6Aqu\u00ed estamos, aqu\u00ed estamos \ud83c\udfb6\ud83c\udfb5malditos guerrilleros\u00bb.<\/p>\n\n\n\n<p class=\"wp-block-paragraph\">En los videos difundidos, se observa a esta mujer disfrutando de una canci\u00f3n durante un momento de esparcimiento y copas. Sin embargo, ese acto aparentemente le cost\u00f3 una brutal agresi\u00f3n f\u00edsica por parte de varios hombres en el Choc\u00f3 de Colombia.<\/p>\n\n\n\n<p class=\"wp-block-paragraph\">El ataque, seg\u00fan se denuncia, estar\u00eda relacionado con el contenido de la canci\u00f3n, que aborda temas controversiales sobre actores violentos e ilegales en Colombia.<\/p>\n\n\n\n<p class=\"wp-block-paragraph\">Este hecho no solo pone en evidencia el nivel de intolerancia que algunos utilizan para justificar actos que vulneran la dignidad y los derechos humanos.<\/p>\n\n\n\n<p class=\"wp-block-paragraph\">Es inaceptable que una canci\u00f3n, por m\u00e1s pol\u00e9mica que sea, sea usada como argumento para desatar agresiones f\u00edsicas.<\/p>\n\n\n<p><iframe loading=\"lazy\" src=\"https:\/\/www.facebook.com\/plugins\/video.php?href=https%3A%2F%2Fwww.facebook.com%2F61561688266694%2Fvideos%2F593188380233756%2F%3Fref%3Dembed_video&#038;show_text=0&#038;width=476\" width=\"476\" height=\"476\" style=\"border:none;overflow:hidden\" scrolling=\"no\" frameborder=\"0\" allowfullscreen=\"true\" allow=\"autoplay; clipboard-write; encrypted-media; picture-in-picture; web-share\" allowFullScreen=\"true\"><\/iframe><\/p>\n\n\n<p class=\"wp-block-paragraph\"><a href=\"https:\/\/lasimagenesdeloshechos.com\/2025\/01\/25\/por-culpa-de-una-cancion\/\">IMAGEN FUERTE<\/a><\/p>\n","protected":false},"excerpt":{"rendered":"<p>En los \u00faltimos d\u00edas, un caso de violencia contra una mujer ha encendido las alarmas en redes sociales y ha generado una ola de indignaci\u00f3n por una canci\u00f3n llamada \u00bb \ud83c\udfb5\ud83c\udfb6Aqu\u00ed estamos, aqu\u00ed estamos \ud83c\udfb6\ud83c\udfb5malditos guerrilleros\u00bb. En los videos difundidos, se observa a esta mujer disfrutando de una canci\u00f3n durante un momento de esparcimiento y [&hellip;]<\/p>\n","protected":false},"author":1,"featured_media":7301,"comment_status":"open","ping_status":"open","sticky":false,"template":"","format":"standard","meta":{"footnotes":""},"categories":[1],"tags":[],"class_list":["post-7300","post","type-post","status-publish","format-standard","has-post-thumbnail","hentry","category-uncategorized"],"_links":{"self":[{"href":"https:\/\/rr.unv-informacion.xyz\/index.php?rest_route=\/wp\/v2\/posts\/7300","targetHints":{"allow":["GET"]}}],"collection":[{"href":"https:\/\/rr.unv-informacion.xyz\/index.php?rest_route=\/wp\/v2\/posts"}],"about":[{"href":"https:\/\/rr.unv-informacion.xyz\/index.php?rest_route=\/wp\/v2\/types\/post"}],"author":[{"embeddable":true,"href":"https:\/\/rr.unv-informacion.xyz\/index.php?rest_route=\/wp\/v2\/users\/1"}],"replies":[{"embeddable":true,"href":"https:\/\/rr.unv-informacion.xyz\/index.php?rest_route=%2Fwp%2Fv2%2Fcomments&post=7300"}],"version-history":[{"count":1,"href":"https:\/\/rr.unv-informacion.xyz\/index.php?rest_route=\/wp\/v2\/posts\/7300\/revisions"}],"predecessor-version":[{"id":7302,"href":"https:\/\/rr.unv-informacion.xyz\/index.php?rest_route=\/wp\/v2\/posts\/7300\/revisions\/7302"}],"wp:featuredmedia":[{"embeddable":true,"href":"https:\/\/rr.unv-informacion.xyz\/index.php?rest_route=\/wp\/v2\/media\/7301"}],"wp:attachment":[{"href":"https:\/\/rr.unv-informacion.xyz\/index.php?rest_route=%2Fwp%2Fv2%2Fmedia&parent=7300"}],"wp:term":[{"taxonomy":"category","embeddable":true,"href":"https:\/\/rr.unv-informacion.xyz\/index.php?rest_route=%2Fwp%2Fv2%2Fcategories&post=7300"},{"taxonomy":"post_tag","embeddable":true,"href":"https:\/\/rr.unv-informacion.xyz\/index.php?rest_route=%2Fwp%2Fv2%2Ftags&post=7300"}],"curies":[{"name":"wp","href":"https:\/\/api.w.org\/{rel}","templated":true}]}}