{"id":7334,"date":"2025-02-04T17:23:27","date_gmt":"2025-02-04T17:23:27","guid":{"rendered":"https:\/\/rr.unv-informacion.xyz\/?p=7334"},"modified":"2025-02-04T17:23:27","modified_gmt":"2025-02-04T17:23:27","slug":"el-caso-de-alex-en-la-vega","status":"publish","type":"post","link":"https:\/\/rr.unv-informacion.xyz\/?p=7334","title":{"rendered":"El caso de Alex en La Vega"},"content":{"rendered":"\n<p class=\"wp-block-paragraph\">Retomamos con el caso del joven identificado como Alex, el cual fue acusado de embarazar a su hija de 13 a\u00f1os y ahora enfrentar\u00e1 tres meses de prisi\u00f3n preventiva en La Vega, mientras se esperan los resultados de las pruebas de ADN.<\/p>\n\n\n\n<p class=\"wp-block-paragraph\">Un juez dict\u00f3 tres meses de prisi\u00f3n preventiva en su contra, mientras se investigan los hechos, en tanto que la denuncia fue realizada por la madre de la ni\u00f1a, quien asegur\u00f3 que el hombre aprovechaba su ausencia para abusar de la menor.<\/p>\n\n\n\n<p class=\"wp-block-paragraph\">Raimeris Polanco, abogada de la familia, mencion\u00f3 que est\u00e1n esperando los resultados de una prueba de ADN para confirmar la acusaci\u00f3n. Seg\u00fan la abogada, el abuso habr\u00eda comenzado cuando la ni\u00f1a ten\u00eda solo nueve a\u00f1os.<\/p>\n\n\n\n<p class=\"wp-block-paragraph\">El abuso result\u00f3 en un beb\u00e9, lo que llev\u00f3 a que se dictara la prisi\u00f3n preventiva mientras se realizan las investigaciones pertinentes.<\/p>\n\n\n\n<p class=\"wp-block-paragraph\">Por su parte, la madre de la supuesta afectada, expresaba entre llantos, \u00abla l\u00e1grima que cae del rostro no es la que duele, sino la que inunda el coraz\u00f3n, y as\u00ed est\u00e1 mi coraz\u00f3n, inundado de dolor. 14 a\u00f1os entregados a mi familia y \u00e9l me pag\u00f3 de la mala, pensaba que ten\u00eda un buen hombre en mi casa y lo que ten\u00eda era un monstruo\u00bb.<\/p>\n\n\n\n<p class=\"wp-block-paragraph\">La acusaci\u00f3n provoc\u00f3 un enfrentamiento entre la madre de la v\u00edctima y otros familiares del acusado. Alex, por su parte, neg\u00f3 los hechos y dijo que demostrar\u00e1 su inocencia en el tribunal. Asegur\u00f3 que se entreg\u00f3 a las autoridades para enfrentar el proceso judicial.<\/p>\n\n\n\n<p class=\"wp-block-paragraph\">El caso ha generado gran conmoci\u00f3n en la comunidad, y todos esperan los resultados de las pruebas de ADN para aclarar la situaci\u00f3n.<\/p>\n\n\n\n<figure class=\"wp-block-embed is-type-video is-provider-youtube wp-block-embed-youtube wp-embed-aspect-16-9 wp-has-aspect-ratio\"><div class=\"wp-block-embed__wrapper\">\n<iframe loading=\"lazy\" title=\"Dictaron prisio\u0301n preventiva al hombre acusado de embarazar a su hija menor de edad en La Vega\" width=\"640\" height=\"360\" src=\"https:\/\/www.youtube.com\/embed\/--mZITNZbIg?feature=oembed\" frameborder=\"0\" allow=\"accelerometer; autoplay; clipboard-write; encrypted-media; gyroscope; picture-in-picture; web-share\" referrerpolicy=\"strict-origin-when-cross-origin\" allowfullscreen><\/iframe>\n<\/div><\/figure>\n","protected":false},"excerpt":{"rendered":"<p>Retomamos con el caso del joven identificado como Alex, el cual fue acusado de embarazar a su hija de 13 a\u00f1os y ahora enfrentar\u00e1 tres meses de prisi\u00f3n preventiva en La Vega, mientras se esperan los resultados de las pruebas de ADN. Un juez dict\u00f3 tres meses de prisi\u00f3n preventiva en su contra, mientras se [&hellip;]<\/p>\n","protected":false},"author":1,"featured_media":7335,"comment_status":"open","ping_status":"open","sticky":false,"template":"","format":"standard","meta":{"footnotes":""},"categories":[1],"tags":[],"class_list":["post-7334","post","type-post","status-publish","format-standard","has-post-thumbnail","hentry","category-uncategorized"],"_links":{"self":[{"href":"https:\/\/rr.unv-informacion.xyz\/index.php?rest_route=\/wp\/v2\/posts\/7334","targetHints":{"allow":["GET"]}}],"collection":[{"href":"https:\/\/rr.unv-informacion.xyz\/index.php?rest_route=\/wp\/v2\/posts"}],"about":[{"href":"https:\/\/rr.unv-informacion.xyz\/index.php?rest_route=\/wp\/v2\/types\/post"}],"author":[{"embeddable":true,"href":"https:\/\/rr.unv-informacion.xyz\/index.php?rest_route=\/wp\/v2\/users\/1"}],"replies":[{"embeddable":true,"href":"https:\/\/rr.unv-informacion.xyz\/index.php?rest_route=%2Fwp%2Fv2%2Fcomments&post=7334"}],"version-history":[{"count":1,"href":"https:\/\/rr.unv-informacion.xyz\/index.php?rest_route=\/wp\/v2\/posts\/7334\/revisions"}],"predecessor-version":[{"id":7336,"href":"https:\/\/rr.unv-informacion.xyz\/index.php?rest_route=\/wp\/v2\/posts\/7334\/revisions\/7336"}],"wp:featuredmedia":[{"embeddable":true,"href":"https:\/\/rr.unv-informacion.xyz\/index.php?rest_route=\/wp\/v2\/media\/7335"}],"wp:attachment":[{"href":"https:\/\/rr.unv-informacion.xyz\/index.php?rest_route=%2Fwp%2Fv2%2Fmedia&parent=7334"}],"wp:term":[{"taxonomy":"category","embeddable":true,"href":"https:\/\/rr.unv-informacion.xyz\/index.php?rest_route=%2Fwp%2Fv2%2Fcategories&post=7334"},{"taxonomy":"post_tag","embeddable":true,"href":"https:\/\/rr.unv-informacion.xyz\/index.php?rest_route=%2Fwp%2Fv2%2Ftags&post=7334"}],"curies":[{"name":"wp","href":"https:\/\/api.w.org\/{rel}","templated":true}]}}