{"id":7364,"date":"2025-02-07T20:06:01","date_gmt":"2025-02-07T20:06:01","guid":{"rendered":"https:\/\/rr.unv-informacion.xyz\/?p=7364"},"modified":"2025-02-07T20:06:02","modified_gmt":"2025-02-07T20:06:02","slug":"clara-ines-sanchez","status":"publish","type":"post","link":"https:\/\/rr.unv-informacion.xyz\/?p=7364","title":{"rendered":"Clara In\u00e9s S\u00e1nchez"},"content":{"rendered":"\n<p class=\"wp-block-paragraph\">La Polic\u00eda busca a Clara In\u00e9s S\u00e1nchez, se\u00f1alada en el caso del taxista Alfred Fern\u00e1ndez, desaparecido tras un servicio en Las Lagunas, Moca.<\/p>\n\n\n\n<p class=\"wp-block-paragraph\">La Polic\u00eda Nacional est\u00e1 buscando a Clara In\u00e9s S\u00e1nchez, quien habr\u00eda llamado al taxista Alfred Fern\u00e1ndez antes de su desaparici\u00f3n en Las Lagunas, Moca. Seg\u00fan las autoridades, llevan d\u00edas esperando que se entregue, pero no ha querido hacerlo.<\/p>\n\n\n\n<p class=\"wp-block-paragraph\">La madre del joven, Isidra Peralta, pidi\u00f3 ayuda a las autoridades para intensificar la b\u00fasqueda de su hijo, desaparecido desde el 22 de enero. Antes de perder contacto, Alfred le envi\u00f3 un mensaje avisando que estaba en peligro.<\/p>\n\n\n\n<p class=\"wp-block-paragraph\">Al d\u00eda siguiente, su veh\u00edculo fue encontrado, pero no hay se\u00f1ales de \u00e9l. Su familia sigue con esperanza y pide apoyo para encontrarlo.<\/p>\n\n\n\n<figure class=\"wp-block-image size-large\"><img loading=\"lazy\" decoding=\"async\" width=\"822\" height=\"1024\" src=\"https:\/\/rr.unv-informacion.xyz\/wp-content\/uploads\/2025\/02\/2-2-822x1024.jpg\" alt=\"\" class=\"wp-image-7365\" srcset=\"https:\/\/rr.unv-informacion.xyz\/wp-content\/uploads\/2025\/02\/2-2-822x1024.jpg 822w, https:\/\/rr.unv-informacion.xyz\/wp-content\/uploads\/2025\/02\/2-2-241x300.jpg 241w, https:\/\/rr.unv-informacion.xyz\/wp-content\/uploads\/2025\/02\/2-2-768x957.jpg 768w, https:\/\/rr.unv-informacion.xyz\/wp-content\/uploads\/2025\/02\/2-2.jpg 1080w\" sizes=\"auto, (max-width: 822px) 100vw, 822px\" \/><\/figure>\n\n\n\n<figure class=\"wp-block-image size-full\"><img loading=\"lazy\" decoding=\"async\" width=\"697\" height=\"512\" src=\"https:\/\/rr.unv-informacion.xyz\/wp-content\/uploads\/2025\/02\/dfgrefg-1.webp\" alt=\"\" class=\"wp-image-7366\" srcset=\"https:\/\/rr.unv-informacion.xyz\/wp-content\/uploads\/2025\/02\/dfgrefg-1.webp 697w, https:\/\/rr.unv-informacion.xyz\/wp-content\/uploads\/2025\/02\/dfgrefg-1-300x220.webp 300w, https:\/\/rr.unv-informacion.xyz\/wp-content\/uploads\/2025\/02\/dfgrefg-1-572x420.webp 572w, https:\/\/rr.unv-informacion.xyz\/wp-content\/uploads\/2025\/02\/dfgrefg-1-80x60.webp 80w, https:\/\/rr.unv-informacion.xyz\/wp-content\/uploads\/2025\/02\/dfgrefg-1-640x470.webp 640w, https:\/\/rr.unv-informacion.xyz\/wp-content\/uploads\/2025\/02\/dfgrefg-1-681x500.webp 681w\" sizes=\"auto, (max-width: 697px) 100vw, 697px\" \/><\/figure>\n","protected":false},"excerpt":{"rendered":"<p>La Polic\u00eda busca a Clara In\u00e9s S\u00e1nchez, se\u00f1alada en el caso del taxista Alfred Fern\u00e1ndez, desaparecido tras un servicio en Las Lagunas, Moca. La Polic\u00eda Nacional est\u00e1 buscando a Clara In\u00e9s S\u00e1nchez, quien habr\u00eda llamado al taxista Alfred Fern\u00e1ndez antes de su desaparici\u00f3n en Las Lagunas, Moca. Seg\u00fan las autoridades, llevan d\u00edas esperando que se [&hellip;]<\/p>\n","protected":false},"author":1,"featured_media":7366,"comment_status":"open","ping_status":"open","sticky":false,"template":"","format":"standard","meta":{"footnotes":""},"categories":[1],"tags":[],"class_list":["post-7364","post","type-post","status-publish","format-standard","has-post-thumbnail","hentry","category-uncategorized"],"_links":{"self":[{"href":"https:\/\/rr.unv-informacion.xyz\/index.php?rest_route=\/wp\/v2\/posts\/7364","targetHints":{"allow":["GET"]}}],"collection":[{"href":"https:\/\/rr.unv-informacion.xyz\/index.php?rest_route=\/wp\/v2\/posts"}],"about":[{"href":"https:\/\/rr.unv-informacion.xyz\/index.php?rest_route=\/wp\/v2\/types\/post"}],"author":[{"embeddable":true,"href":"https:\/\/rr.unv-informacion.xyz\/index.php?rest_route=\/wp\/v2\/users\/1"}],"replies":[{"embeddable":true,"href":"https:\/\/rr.unv-informacion.xyz\/index.php?rest_route=%2Fwp%2Fv2%2Fcomments&post=7364"}],"version-history":[{"count":1,"href":"https:\/\/rr.unv-informacion.xyz\/index.php?rest_route=\/wp\/v2\/posts\/7364\/revisions"}],"predecessor-version":[{"id":7367,"href":"https:\/\/rr.unv-informacion.xyz\/index.php?rest_route=\/wp\/v2\/posts\/7364\/revisions\/7367"}],"wp:featuredmedia":[{"embeddable":true,"href":"https:\/\/rr.unv-informacion.xyz\/index.php?rest_route=\/wp\/v2\/media\/7366"}],"wp:attachment":[{"href":"https:\/\/rr.unv-informacion.xyz\/index.php?rest_route=%2Fwp%2Fv2%2Fmedia&parent=7364"}],"wp:term":[{"taxonomy":"category","embeddable":true,"href":"https:\/\/rr.unv-informacion.xyz\/index.php?rest_route=%2Fwp%2Fv2%2Fcategories&post=7364"},{"taxonomy":"post_tag","embeddable":true,"href":"https:\/\/rr.unv-informacion.xyz\/index.php?rest_route=%2Fwp%2Fv2%2Ftags&post=7364"}],"curies":[{"name":"wp","href":"https:\/\/api.w.org\/{rel}","templated":true}]}}