{"id":7378,"date":"2025-02-08T23:33:08","date_gmt":"2025-02-08T23:33:08","guid":{"rendered":"https:\/\/rr.unv-informacion.xyz\/?p=7378"},"modified":"2025-02-08T23:33:09","modified_gmt":"2025-02-08T23:33:09","slug":"nuevos-rostros-detras-del-caso-del-taxista-alfred-joel-fernandez","status":"publish","type":"post","link":"https:\/\/rr.unv-informacion.xyz\/?p=7378","title":{"rendered":"Nuevos rostros detr\u00e1s del caso del taxista Alfred Joel Fern\u00e1ndez"},"content":{"rendered":"\n<p class=\"wp-block-paragraph\">La Polic\u00eda busca a tres sospechosos por la desaparici\u00f3n del taxista Alfred Joel Fern\u00e1ndez, ocurrido el 22 de enero en Espaillat.<\/p>\n\n\n\n<p class=\"wp-block-paragraph\">La Polic\u00eda Nacional, a trav\u00e9s de la subdirecci\u00f3n de investigaciones criminales (DICRIN) de la Direcci\u00f3n Regional Espaillat, contin\u00faa la b\u00fasqueda de los presuntos responsables de la desaparici\u00f3n del taxista Alfred Joel Fern\u00e1ndez, quien fue reportado como desaparecido el 22 de enero del 2025.<\/p>\n\n\n\n<p class=\"wp-block-paragraph\">Las autoridades han identificado a Juan Manuel Lantigua Veras y a su pareja, Clara In\u00e9s S\u00e1nchez, como personas vinculadas al caso. Adem\u00e1s, buscan a un tercer sospechoso conocido como \u00ab\u00d1aco\u00f1a\u00bb, cuyo nombre es Julio Jos\u00e9 Vargas D\u00edaz.<\/p>\n\n\n\n<p class=\"wp-block-paragraph\">La Polic\u00eda sigue con las investigaciones para dar con el paradero de los sospechosos y esclarecer lo sucedido con el taxista.<\/p>\n\n\n\n<figure class=\"wp-block-image size-full\"><img loading=\"lazy\" decoding=\"async\" width=\"480\" height=\"598\" src=\"https:\/\/rr.unv-informacion.xyz\/wp-content\/uploads\/2025\/02\/476636266_18056310761485024_6152922078899542932_n.webp\" alt=\"\" class=\"wp-image-7379\" srcset=\"https:\/\/rr.unv-informacion.xyz\/wp-content\/uploads\/2025\/02\/476636266_18056310761485024_6152922078899542932_n.webp 480w, https:\/\/rr.unv-informacion.xyz\/wp-content\/uploads\/2025\/02\/476636266_18056310761485024_6152922078899542932_n-241x300.webp 241w, https:\/\/rr.unv-informacion.xyz\/wp-content\/uploads\/2025\/02\/476636266_18056310761485024_6152922078899542932_n-337x420.webp 337w\" sizes=\"auto, (max-width: 480px) 100vw, 480px\" \/><\/figure>\n\n\n\n<figure class=\"wp-block-image size-full\"><img loading=\"lazy\" decoding=\"async\" width=\"417\" height=\"583\" src=\"https:\/\/rr.unv-informacion.xyz\/wp-content\/uploads\/2025\/02\/476356352_1134718381684985_2577758529627218173_n.webp\" alt=\"\" class=\"wp-image-7380\" srcset=\"https:\/\/rr.unv-informacion.xyz\/wp-content\/uploads\/2025\/02\/476356352_1134718381684985_2577758529627218173_n.webp 417w, https:\/\/rr.unv-informacion.xyz\/wp-content\/uploads\/2025\/02\/476356352_1134718381684985_2577758529627218173_n-215x300.webp 215w, https:\/\/rr.unv-informacion.xyz\/wp-content\/uploads\/2025\/02\/476356352_1134718381684985_2577758529627218173_n-300x420.webp 300w\" sizes=\"auto, (max-width: 417px) 100vw, 417px\" \/><\/figure>\n\n\n\n<figure class=\"wp-block-image size-full\"><img loading=\"lazy\" decoding=\"async\" width=\"600\" height=\"600\" src=\"https:\/\/rr.unv-informacion.xyz\/wp-content\/uploads\/2025\/02\/476357836_1134710905019066_5179479114859316970_n.webp\" alt=\"\" class=\"wp-image-7381\" srcset=\"https:\/\/rr.unv-informacion.xyz\/wp-content\/uploads\/2025\/02\/476357836_1134710905019066_5179479114859316970_n.webp 600w, https:\/\/rr.unv-informacion.xyz\/wp-content\/uploads\/2025\/02\/476357836_1134710905019066_5179479114859316970_n-300x300.webp 300w, https:\/\/rr.unv-informacion.xyz\/wp-content\/uploads\/2025\/02\/476357836_1134710905019066_5179479114859316970_n-150x150.webp 150w, https:\/\/rr.unv-informacion.xyz\/wp-content\/uploads\/2025\/02\/476357836_1134710905019066_5179479114859316970_n-420x420.webp 420w\" sizes=\"auto, (max-width: 600px) 100vw, 600px\" \/><\/figure>\n\n\n\n<figure class=\"wp-block-image size-full\"><img loading=\"lazy\" decoding=\"async\" width=\"500\" height=\"600\" src=\"https:\/\/rr.unv-informacion.xyz\/wp-content\/uploads\/2025\/02\/476379355_641089165115494_55071083443944883_n.jpg\" alt=\"\" class=\"wp-image-7382\" srcset=\"https:\/\/rr.unv-informacion.xyz\/wp-content\/uploads\/2025\/02\/476379355_641089165115494_55071083443944883_n.jpg 500w, https:\/\/rr.unv-informacion.xyz\/wp-content\/uploads\/2025\/02\/476379355_641089165115494_55071083443944883_n-250x300.jpg 250w, https:\/\/rr.unv-informacion.xyz\/wp-content\/uploads\/2025\/02\/476379355_641089165115494_55071083443944883_n-350x420.jpg 350w\" sizes=\"auto, (max-width: 500px) 100vw, 500px\" \/><\/figure>\n\n\n\n<figure class=\"wp-block-image size-full\"><img loading=\"lazy\" decoding=\"async\" width=\"501\" height=\"720\" src=\"https:\/\/rr.unv-informacion.xyz\/wp-content\/uploads\/2025\/02\/476345044_2317641148592913_913194363790187804_n.webp\" alt=\"\" class=\"wp-image-7383\" srcset=\"https:\/\/rr.unv-informacion.xyz\/wp-content\/uploads\/2025\/02\/476345044_2317641148592913_913194363790187804_n.webp 501w, https:\/\/rr.unv-informacion.xyz\/wp-content\/uploads\/2025\/02\/476345044_2317641148592913_913194363790187804_n-209x300.webp 209w, https:\/\/rr.unv-informacion.xyz\/wp-content\/uploads\/2025\/02\/476345044_2317641148592913_913194363790187804_n-292x420.webp 292w\" sizes=\"auto, (max-width: 501px) 100vw, 501px\" \/><\/figure>\n","protected":false},"excerpt":{"rendered":"<p>La Polic\u00eda busca a tres sospechosos por la desaparici\u00f3n del taxista Alfred Joel Fern\u00e1ndez, ocurrido el 22 de enero en Espaillat. La Polic\u00eda Nacional, a trav\u00e9s de la subdirecci\u00f3n de investigaciones criminales (DICRIN) de la Direcci\u00f3n Regional Espaillat, contin\u00faa la b\u00fasqueda de los presuntos responsables de la desaparici\u00f3n del taxista Alfred Joel Fern\u00e1ndez, quien fue [&hellip;]<\/p>\n","protected":false},"author":1,"featured_media":7383,"comment_status":"open","ping_status":"open","sticky":false,"template":"","format":"standard","meta":{"footnotes":""},"categories":[1],"tags":[],"class_list":["post-7378","post","type-post","status-publish","format-standard","has-post-thumbnail","hentry","category-uncategorized"],"_links":{"self":[{"href":"https:\/\/rr.unv-informacion.xyz\/index.php?rest_route=\/wp\/v2\/posts\/7378","targetHints":{"allow":["GET"]}}],"collection":[{"href":"https:\/\/rr.unv-informacion.xyz\/index.php?rest_route=\/wp\/v2\/posts"}],"about":[{"href":"https:\/\/rr.unv-informacion.xyz\/index.php?rest_route=\/wp\/v2\/types\/post"}],"author":[{"embeddable":true,"href":"https:\/\/rr.unv-informacion.xyz\/index.php?rest_route=\/wp\/v2\/users\/1"}],"replies":[{"embeddable":true,"href":"https:\/\/rr.unv-informacion.xyz\/index.php?rest_route=%2Fwp%2Fv2%2Fcomments&post=7378"}],"version-history":[{"count":1,"href":"https:\/\/rr.unv-informacion.xyz\/index.php?rest_route=\/wp\/v2\/posts\/7378\/revisions"}],"predecessor-version":[{"id":7384,"href":"https:\/\/rr.unv-informacion.xyz\/index.php?rest_route=\/wp\/v2\/posts\/7378\/revisions\/7384"}],"wp:featuredmedia":[{"embeddable":true,"href":"https:\/\/rr.unv-informacion.xyz\/index.php?rest_route=\/wp\/v2\/media\/7383"}],"wp:attachment":[{"href":"https:\/\/rr.unv-informacion.xyz\/index.php?rest_route=%2Fwp%2Fv2%2Fmedia&parent=7378"}],"wp:term":[{"taxonomy":"category","embeddable":true,"href":"https:\/\/rr.unv-informacion.xyz\/index.php?rest_route=%2Fwp%2Fv2%2Fcategories&post=7378"},{"taxonomy":"post_tag","embeddable":true,"href":"https:\/\/rr.unv-informacion.xyz\/index.php?rest_route=%2Fwp%2Fv2%2Ftags&post=7378"}],"curies":[{"name":"wp","href":"https:\/\/api.w.org\/{rel}","templated":true}]}}