{"id":7413,"date":"2025-02-11T18:11:02","date_gmt":"2025-02-11T18:11:02","guid":{"rendered":"https:\/\/rr.unv-informacion.xyz\/?p=7413"},"modified":"2025-02-11T18:11:03","modified_gmt":"2025-02-11T18:11:03","slug":"fallece-juan-jose-tejada-locutor-de-las-aguilas-cibaenas","status":"publish","type":"post","link":"https:\/\/rr.unv-informacion.xyz\/?p=7413","title":{"rendered":"Fallece Juan Jos\u00e9 Tejada locutor de las \u00c1guilas Cibae\u00f1as"},"content":{"rendered":"\n<p class=\"wp-block-paragraph\">Juan Jos\u00e9 Tejada, locutor de las \u00c1guilas Cibae\u00f1as por m\u00e1s de 20 a\u00f1os, falleci\u00f3 a los 89 a\u00f1os. Fue pionero de la cr\u00f3nica deportiva en Santiago.<\/p>\n\n\n\n<p class=\"wp-block-paragraph\">Las \u00c1guilas Cibae\u00f1as anunciaron con pesar el fallecimiento de Juan Jos\u00e9 Tejada, quien por m\u00e1s de dos d\u00e9cadas fue la voz oficial del equipo en el Estadio Cibao. Tejada muri\u00f3 en la Cl\u00ednica Corominas tras sufrir un derrame cerebral del que no pudo recuperarse.<\/p>\n\n\n\n<p class=\"wp-block-paragraph\">El Consejo Directivo de las \u00c1guilas lament\u00f3 su partida, record\u00e1ndolo como un pilar en la narraci\u00f3n deportiva. Su muerte se suma a la reciente p\u00e9rdida de Mendy L\u00f3pez, otro \u00edcono del periodismo deportivo.<\/p>\n\n\n\n<p class=\"wp-block-paragraph\">Juan Jos\u00e9 Tejada dej\u00f3 una huella imborrable en la cr\u00f3nica deportiva de Santiago. Fue locutor, narrador y animador, compartiendo micr\u00f3fono con Domingo Saint-Hilaire en Meridiano Deportivo.<\/p>\n\n\n\n<p class=\"wp-block-paragraph\">Adem\u00e1s, presidi\u00f3 la Asociaci\u00f3n de Locutores de Santiago y dirigi\u00f3 el Departamento de Deportes durante la gesti\u00f3n del exalcalde Jos\u00e9 Enrique Sued.<\/p>\n\n\n\n<p class=\"wp-block-paragraph\">Su amor por el deporte lo llev\u00f3 a ser Comisionado de Boxeo en Santiago y organizador de espect\u00e1culos de lucha libre, trayendo a la ciudad a leyendas como Jack Veneno.<\/p>\n\n\n\n<figure class=\"wp-block-image size-large\"><img loading=\"lazy\" decoding=\"async\" width=\"994\" height=\"1024\" src=\"https:\/\/rr.unv-informacion.xyz\/wp-content\/uploads\/2025\/02\/lidom-muere-juan-jose-tejada-locutor-interno-de-las-aguilas-cibaenas-994x1024.jpg\" alt=\"\" class=\"wp-image-7414\" srcset=\"https:\/\/rr.unv-informacion.xyz\/wp-content\/uploads\/2025\/02\/lidom-muere-juan-jose-tejada-locutor-interno-de-las-aguilas-cibaenas-994x1024.jpg 994w, https:\/\/rr.unv-informacion.xyz\/wp-content\/uploads\/2025\/02\/lidom-muere-juan-jose-tejada-locutor-interno-de-las-aguilas-cibaenas-291x300.jpg 291w, https:\/\/rr.unv-informacion.xyz\/wp-content\/uploads\/2025\/02\/lidom-muere-juan-jose-tejada-locutor-interno-de-las-aguilas-cibaenas-768x791.jpg 768w, https:\/\/rr.unv-informacion.xyz\/wp-content\/uploads\/2025\/02\/lidom-muere-juan-jose-tejada-locutor-interno-de-las-aguilas-cibaenas-408x420.jpg 408w, https:\/\/rr.unv-informacion.xyz\/wp-content\/uploads\/2025\/02\/lidom-muere-juan-jose-tejada-locutor-interno-de-las-aguilas-cibaenas.jpg 1079w\" sizes=\"auto, (max-width: 994px) 100vw, 994px\" \/><\/figure>\n\n\n<iframe loading=\"lazy\" src=\"https:\/\/www.facebook.com\/plugins\/video.php?href=https%3A%2F%2Fwww.facebook.com%2Freel%2F1568573503911227%2F%3Fref%3Dembed_video&#038;show_text=0&#038;width=267\" width=\"267\" height=\"476\" style=\"border:none;overflow:hidden\" scrolling=\"no\" frameborder=\"0\" allowfullscreen=\"true\" allow=\"autoplay; clipboard-write; encrypted-media; picture-in-picture; web-share\" allowFullScreen=\"true\"><\/iframe>","protected":false},"excerpt":{"rendered":"<p>Juan Jos\u00e9 Tejada, locutor de las \u00c1guilas Cibae\u00f1as por m\u00e1s de 20 a\u00f1os, falleci\u00f3 a los 89 a\u00f1os. Fue pionero de la cr\u00f3nica deportiva en Santiago. Las \u00c1guilas Cibae\u00f1as anunciaron con pesar el fallecimiento de Juan Jos\u00e9 Tejada, quien por m\u00e1s de dos d\u00e9cadas fue la voz oficial del equipo en el Estadio Cibao. Tejada [&hellip;]<\/p>\n","protected":false},"author":1,"featured_media":7414,"comment_status":"open","ping_status":"open","sticky":false,"template":"","format":"standard","meta":{"footnotes":""},"categories":[1],"tags":[],"class_list":["post-7413","post","type-post","status-publish","format-standard","has-post-thumbnail","hentry","category-uncategorized"],"_links":{"self":[{"href":"https:\/\/rr.unv-informacion.xyz\/index.php?rest_route=\/wp\/v2\/posts\/7413","targetHints":{"allow":["GET"]}}],"collection":[{"href":"https:\/\/rr.unv-informacion.xyz\/index.php?rest_route=\/wp\/v2\/posts"}],"about":[{"href":"https:\/\/rr.unv-informacion.xyz\/index.php?rest_route=\/wp\/v2\/types\/post"}],"author":[{"embeddable":true,"href":"https:\/\/rr.unv-informacion.xyz\/index.php?rest_route=\/wp\/v2\/users\/1"}],"replies":[{"embeddable":true,"href":"https:\/\/rr.unv-informacion.xyz\/index.php?rest_route=%2Fwp%2Fv2%2Fcomments&post=7413"}],"version-history":[{"count":1,"href":"https:\/\/rr.unv-informacion.xyz\/index.php?rest_route=\/wp\/v2\/posts\/7413\/revisions"}],"predecessor-version":[{"id":7415,"href":"https:\/\/rr.unv-informacion.xyz\/index.php?rest_route=\/wp\/v2\/posts\/7413\/revisions\/7415"}],"wp:featuredmedia":[{"embeddable":true,"href":"https:\/\/rr.unv-informacion.xyz\/index.php?rest_route=\/wp\/v2\/media\/7414"}],"wp:attachment":[{"href":"https:\/\/rr.unv-informacion.xyz\/index.php?rest_route=%2Fwp%2Fv2%2Fmedia&parent=7413"}],"wp:term":[{"taxonomy":"category","embeddable":true,"href":"https:\/\/rr.unv-informacion.xyz\/index.php?rest_route=%2Fwp%2Fv2%2Fcategories&post=7413"},{"taxonomy":"post_tag","embeddable":true,"href":"https:\/\/rr.unv-informacion.xyz\/index.php?rest_route=%2Fwp%2Fv2%2Ftags&post=7413"}],"curies":[{"name":"wp","href":"https:\/\/api.w.org\/{rel}","templated":true}]}}