{"id":7428,"date":"2025-02-12T18:59:14","date_gmt":"2025-02-12T18:59:14","guid":{"rendered":"https:\/\/rr.unv-informacion.xyz\/?p=7428"},"modified":"2025-02-12T18:59:15","modified_gmt":"2025-02-12T18:59:15","slug":"autoridades-del-otro-pais-entrega-a-dominicana-acusada-de-secuestro-de-menores-y-explotacion","status":"publish","type":"post","link":"https:\/\/rr.unv-informacion.xyz\/?p=7428","title":{"rendered":"Autoridades del otro pais entrega a dominicana acusada de secuestro de menores y explotaci\u00f3n"},"content":{"rendered":"\n<p class=\"wp-block-paragraph\">Las autoridades haitianas entregaron a Rep\u00fablica Dominicana a una mujer acusada de secuestro de menores y explotaci\u00f3n, quien operaba un club nocturno en la comuna de Tabarre, Hait\u00ed.<\/p>\n\n\n\n<p class=\"wp-block-paragraph\">Mar\u00eda Estela Fajardo Liriano, conocida como \u00abLa Patrona\u00bb, fue detenida el lunes 3 de febrero en Puerto Pr\u00edncipe. La sospechosa es investigada por la desaparici\u00f3n de un menor y enfrenta cargos adicionales por presunta delincuencia transnacional.<\/p>\n\n\n\n<p class=\"wp-block-paragraph\">La Polic\u00eda Judicial de Hait\u00ed (SMPJ) realiz\u00f3 la entrega de la acusada al Cuerpo Especializado en Seguridad Fronteriza Terrestre (CESFRONT) y la Direcci\u00f3n General de Migraci\u00f3n en el puente binacional entre Dajab\u00f3n y Juana M\u00e9ndez.<\/p>\n\n\n\n<p class=\"wp-block-paragraph\">Durante el interrogatorio, Fajardo Liriano neg\u00f3 todas las acusaciones formuladas por las autoridades dominicanas. La detenida era propietaria del club \u00abLa Patrona\u00bb en territorio haitiano.<\/p>\n\n\n\n<p class=\"wp-block-paragraph\">La acusada fue trasladada al centro de acogida de la DGM y ser\u00e1 enviada a Santo Domingo en las pr\u00f3ximas horas, siguiendo los protocolos establecidos para estos casos.<\/p>\n\n\n\n<figure class=\"wp-block-image size-large\"><img loading=\"lazy\" decoding=\"async\" width=\"1024\" height=\"683\" src=\"https:\/\/rr.unv-informacion.xyz\/wp-content\/uploads\/2025\/02\/imagen_2025-02-12_091245665-1024x683.webp\" alt=\"\" class=\"wp-image-7429\" srcset=\"https:\/\/rr.unv-informacion.xyz\/wp-content\/uploads\/2025\/02\/imagen_2025-02-12_091245665-1024x683.webp 1024w, https:\/\/rr.unv-informacion.xyz\/wp-content\/uploads\/2025\/02\/imagen_2025-02-12_091245665-300x200.webp 300w, https:\/\/rr.unv-informacion.xyz\/wp-content\/uploads\/2025\/02\/imagen_2025-02-12_091245665-768x512.webp 768w, https:\/\/rr.unv-informacion.xyz\/wp-content\/uploads\/2025\/02\/imagen_2025-02-12_091245665-629x420.webp 629w, https:\/\/rr.unv-informacion.xyz\/wp-content\/uploads\/2025\/02\/imagen_2025-02-12_091245665-640x427.webp 640w, https:\/\/rr.unv-informacion.xyz\/wp-content\/uploads\/2025\/02\/imagen_2025-02-12_091245665-681x454.webp 681w, https:\/\/rr.unv-informacion.xyz\/wp-content\/uploads\/2025\/02\/imagen_2025-02-12_091245665.webp 1040w\" sizes=\"auto, (max-width: 1024px) 100vw, 1024px\" \/><\/figure>\n\n\n\n<figure class=\"wp-block-image size-full\"><img loading=\"lazy\" decoding=\"async\" width=\"795\" height=\"405\" src=\"https:\/\/rr.unv-informacion.xyz\/wp-content\/uploads\/2025\/02\/B5E35D29-768E-4F17-9E12-B40D33615642.webp\" alt=\"\" class=\"wp-image-7430\" srcset=\"https:\/\/rr.unv-informacion.xyz\/wp-content\/uploads\/2025\/02\/B5E35D29-768E-4F17-9E12-B40D33615642.webp 795w, https:\/\/rr.unv-informacion.xyz\/wp-content\/uploads\/2025\/02\/B5E35D29-768E-4F17-9E12-B40D33615642-300x153.webp 300w, https:\/\/rr.unv-informacion.xyz\/wp-content\/uploads\/2025\/02\/B5E35D29-768E-4F17-9E12-B40D33615642-768x391.webp 768w, https:\/\/rr.unv-informacion.xyz\/wp-content\/uploads\/2025\/02\/B5E35D29-768E-4F17-9E12-B40D33615642-640x326.webp 640w, https:\/\/rr.unv-informacion.xyz\/wp-content\/uploads\/2025\/02\/B5E35D29-768E-4F17-9E12-B40D33615642-681x347.webp 681w\" sizes=\"auto, (max-width: 795px) 100vw, 795px\" \/><\/figure>\n","protected":false},"excerpt":{"rendered":"<p>Las autoridades haitianas entregaron a Rep\u00fablica Dominicana a una mujer acusada de secuestro de menores y explotaci\u00f3n, quien operaba un club nocturno en la comuna de Tabarre, Hait\u00ed. Mar\u00eda Estela Fajardo Liriano, conocida como \u00abLa Patrona\u00bb, fue detenida el lunes 3 de febrero en Puerto Pr\u00edncipe. La sospechosa es investigada por la desaparici\u00f3n de un [&hellip;]<\/p>\n","protected":false},"author":1,"featured_media":7429,"comment_status":"open","ping_status":"open","sticky":false,"template":"","format":"standard","meta":{"footnotes":""},"categories":[1],"tags":[],"class_list":["post-7428","post","type-post","status-publish","format-standard","has-post-thumbnail","hentry","category-uncategorized"],"_links":{"self":[{"href":"https:\/\/rr.unv-informacion.xyz\/index.php?rest_route=\/wp\/v2\/posts\/7428","targetHints":{"allow":["GET"]}}],"collection":[{"href":"https:\/\/rr.unv-informacion.xyz\/index.php?rest_route=\/wp\/v2\/posts"}],"about":[{"href":"https:\/\/rr.unv-informacion.xyz\/index.php?rest_route=\/wp\/v2\/types\/post"}],"author":[{"embeddable":true,"href":"https:\/\/rr.unv-informacion.xyz\/index.php?rest_route=\/wp\/v2\/users\/1"}],"replies":[{"embeddable":true,"href":"https:\/\/rr.unv-informacion.xyz\/index.php?rest_route=%2Fwp%2Fv2%2Fcomments&post=7428"}],"version-history":[{"count":1,"href":"https:\/\/rr.unv-informacion.xyz\/index.php?rest_route=\/wp\/v2\/posts\/7428\/revisions"}],"predecessor-version":[{"id":7431,"href":"https:\/\/rr.unv-informacion.xyz\/index.php?rest_route=\/wp\/v2\/posts\/7428\/revisions\/7431"}],"wp:featuredmedia":[{"embeddable":true,"href":"https:\/\/rr.unv-informacion.xyz\/index.php?rest_route=\/wp\/v2\/media\/7429"}],"wp:attachment":[{"href":"https:\/\/rr.unv-informacion.xyz\/index.php?rest_route=%2Fwp%2Fv2%2Fmedia&parent=7428"}],"wp:term":[{"taxonomy":"category","embeddable":true,"href":"https:\/\/rr.unv-informacion.xyz\/index.php?rest_route=%2Fwp%2Fv2%2Fcategories&post=7428"},{"taxonomy":"post_tag","embeddable":true,"href":"https:\/\/rr.unv-informacion.xyz\/index.php?rest_route=%2Fwp%2Fv2%2Ftags&post=7428"}],"curies":[{"name":"wp","href":"https:\/\/api.w.org\/{rel}","templated":true}]}}