{"id":7461,"date":"2025-02-15T16:55:07","date_gmt":"2025-02-15T16:55:07","guid":{"rendered":"https:\/\/rr.unv-informacion.xyz\/?p=7461"},"modified":"2025-02-15T16:55:07","modified_gmt":"2025-02-15T16:55:07","slug":"policia-nacional-celebra-el-dia-del-amor-con-detalle-especial","status":"publish","type":"post","link":"https:\/\/rr.unv-informacion.xyz\/?p=7461","title":{"rendered":"Polic\u00eda Nacional celebra el D\u00eda del Amor con detalle especial"},"content":{"rendered":"\n<p class=\"wp-block-paragraph\">La Polic\u00eda Nacional sorprendi\u00f3 a ciudadanos en transporte p\u00fablico con un gesto especial por el D\u00eda del Amor y la Amistad, fortaleciendo su cercan\u00eda con la comunidad.<\/p>\n\n\n\n<p class=\"wp-block-paragraph\">La Polic\u00eda Nacional, junto al vocero de la instituci\u00f3n, coronel Diego Pesqueira, sorprendi\u00f3 a varios ciudadanos que viajaban en transporte p\u00fablico con un gesto especial. Esta actividad se realiz\u00f3 como parte de las labores preventivas en conmemoraci\u00f3n del D\u00eda del Amor y la Amistad.<\/p>\n\n\n\n<p class=\"wp-block-paragraph\">\u00abEsta iniciativa refleja nuestra cercan\u00eda con la comunidad y el compromiso con la proximidad policial, enmarcado en el plan de reforma que impulsa el presidente Luis Abinader\u00bb, expresaron desde la instituci\u00f3n.<\/p>\n\n\n\n<p class=\"wp-block-paragraph\">Con esta acci\u00f3n, la Polic\u00eda busca reforzar la confianza y el v\u00ednculo con los ciudadanos, mostrando su lado m\u00e1s humano en una fecha tan significativa.<\/p>\n\n\n<iframe loading=\"lazy\" src=\"https:\/\/www.facebook.com\/plugins\/video.php?href=https%3A%2F%2Fwww.facebook.com%2Freel%2F1162340578814886%2F%3Fref%3Dembed_video&#038;show_text=0&#038;width=267\" width=\"267\" height=\"476\" style=\"border:none;overflow:hidden\" scrolling=\"no\" frameborder=\"0\" allowfullscreen=\"true\" allow=\"autoplay; clipboard-write; encrypted-media; picture-in-picture; web-share\" allowFullScreen=\"true\"><\/iframe>","protected":false},"excerpt":{"rendered":"<p>La Polic\u00eda Nacional sorprendi\u00f3 a ciudadanos en transporte p\u00fablico con un gesto especial por el D\u00eda del Amor y la Amistad, fortaleciendo su cercan\u00eda con la comunidad. La Polic\u00eda Nacional, junto al vocero de la instituci\u00f3n, coronel Diego Pesqueira, sorprendi\u00f3 a varios ciudadanos que viajaban en transporte p\u00fablico con un gesto especial. Esta actividad se [&hellip;]<\/p>\n","protected":false},"author":1,"featured_media":7462,"comment_status":"open","ping_status":"open","sticky":false,"template":"","format":"standard","meta":{"footnotes":""},"categories":[1],"tags":[],"class_list":["post-7461","post","type-post","status-publish","format-standard","has-post-thumbnail","hentry","category-uncategorized"],"_links":{"self":[{"href":"https:\/\/rr.unv-informacion.xyz\/index.php?rest_route=\/wp\/v2\/posts\/7461","targetHints":{"allow":["GET"]}}],"collection":[{"href":"https:\/\/rr.unv-informacion.xyz\/index.php?rest_route=\/wp\/v2\/posts"}],"about":[{"href":"https:\/\/rr.unv-informacion.xyz\/index.php?rest_route=\/wp\/v2\/types\/post"}],"author":[{"embeddable":true,"href":"https:\/\/rr.unv-informacion.xyz\/index.php?rest_route=\/wp\/v2\/users\/1"}],"replies":[{"embeddable":true,"href":"https:\/\/rr.unv-informacion.xyz\/index.php?rest_route=%2Fwp%2Fv2%2Fcomments&post=7461"}],"version-history":[{"count":1,"href":"https:\/\/rr.unv-informacion.xyz\/index.php?rest_route=\/wp\/v2\/posts\/7461\/revisions"}],"predecessor-version":[{"id":7463,"href":"https:\/\/rr.unv-informacion.xyz\/index.php?rest_route=\/wp\/v2\/posts\/7461\/revisions\/7463"}],"wp:featuredmedia":[{"embeddable":true,"href":"https:\/\/rr.unv-informacion.xyz\/index.php?rest_route=\/wp\/v2\/media\/7462"}],"wp:attachment":[{"href":"https:\/\/rr.unv-informacion.xyz\/index.php?rest_route=%2Fwp%2Fv2%2Fmedia&parent=7461"}],"wp:term":[{"taxonomy":"category","embeddable":true,"href":"https:\/\/rr.unv-informacion.xyz\/index.php?rest_route=%2Fwp%2Fv2%2Fcategories&post=7461"},{"taxonomy":"post_tag","embeddable":true,"href":"https:\/\/rr.unv-informacion.xyz\/index.php?rest_route=%2Fwp%2Fv2%2Ftags&post=7461"}],"curies":[{"name":"wp","href":"https:\/\/api.w.org\/{rel}","templated":true}]}}