{"id":7475,"date":"2025-02-16T15:40:33","date_gmt":"2025-02-16T15:40:33","guid":{"rendered":"https:\/\/rr.unv-informacion.xyz\/?p=7475"},"modified":"2025-02-16T15:40:34","modified_gmt":"2025-02-16T15:40:34","slug":"clara-ines-sanchez-habria-cambiado-su-apariencia","status":"publish","type":"post","link":"https:\/\/rr.unv-informacion.xyz\/?p=7475","title":{"rendered":"Clara In\u00e9s S\u00e1nchez habr\u00eda cambiado su apariencia"},"content":{"rendered":"\n<p class=\"wp-block-paragraph\">Polic\u00eda busca a Clara In\u00e9s S\u00e1nchez, sospechosa de la desaparici\u00f3n de un taxista en Moca. Piden ayuda para encontrarla.<\/p>\n\n\n\n<p class=\"wp-block-paragraph\">Las autoridades de Moca, provincia Espaillat, est\u00e1n buscando a Clara In\u00e9s S\u00e1nchez, quien es la principal sospechosa en la desaparici\u00f3n del taxista Alfred Joel Fern\u00e1ndez. Se cree que ella cambi\u00f3 su apariencia, como el color de su cabello, para no ser reconocida.<\/p>\n\n\n\n<p class=\"wp-block-paragraph\">Alfred Joel Fern\u00e1ndez, de 33 a\u00f1os, desapareci\u00f3 el 22 de enero de 2025, luego de salir de su casa en Moca para un servicio de taxi solicitado por S\u00e1nchez. Desde entonces, nadie sabe d\u00f3nde est\u00e1.<\/p>\n\n\n\n<p class=\"wp-block-paragraph\">La polic\u00eda ha emitido \u00f3rdenes de arresto para Juan Manuel Lantigua Veras, conocido como Salcochao, y Vargas D\u00edaz, quienes siguen huyendo. Tambi\u00e9n arrestaron a Lisset Miguelina Reyes Ramos de Pichardo, de 51 a\u00f1os, para investigar su relaci\u00f3n con el caso. Adem\u00e1s, la madre y la expareja de S\u00e1nchez fueron detenidas para obtener m\u00e1s informaci\u00f3n.<\/p>\n\n\n\n<p class=\"wp-block-paragraph\">La desaparici\u00f3n de Fern\u00e1ndez ha preocupado mucho a la gente de Moca. Sus familiares y amigos han hecho protestas y vigilias pidiendo que el caso se resuelva pronto.<\/p>\n\n\n\n<p class=\"wp-block-paragraph\">Las autoridades piden a todos que ayuden con cualquier informaci\u00f3n sobre Clara In\u00e9s S\u00e1nchez o los dem\u00e1s involucrados, ya que hasta un peque\u00f1o dato podr\u00eda ser muy importante para la investigaci\u00f3n.<\/p>\n\n\n\n<figure class=\"wp-block-image size-full\"><img loading=\"lazy\" decoding=\"async\" width=\"537\" height=\"724\" src=\"https:\/\/rr.unv-informacion.xyz\/wp-content\/uploads\/2025\/02\/480195437_625460193782911_3846522765517650387_n.webp\" alt=\"\" class=\"wp-image-7476\" srcset=\"https:\/\/rr.unv-informacion.xyz\/wp-content\/uploads\/2025\/02\/480195437_625460193782911_3846522765517650387_n.webp 537w, https:\/\/rr.unv-informacion.xyz\/wp-content\/uploads\/2025\/02\/480195437_625460193782911_3846522765517650387_n-223x300.webp 223w, https:\/\/rr.unv-informacion.xyz\/wp-content\/uploads\/2025\/02\/480195437_625460193782911_3846522765517650387_n-312x420.webp 312w\" sizes=\"auto, (max-width: 537px) 100vw, 537px\" \/><\/figure>\n\n\n\n<figure class=\"wp-block-image size-large\"><img loading=\"lazy\" decoding=\"async\" width=\"623\" height=\"1024\" src=\"https:\/\/rr.unv-informacion.xyz\/wp-content\/uploads\/2025\/02\/480219670_625460160449581_8179026715430908611_n-623x1024.jpg\" alt=\"\" class=\"wp-image-7477\" srcset=\"https:\/\/rr.unv-informacion.xyz\/wp-content\/uploads\/2025\/02\/480219670_625460160449581_8179026715430908611_n-623x1024.jpg 623w, https:\/\/rr.unv-informacion.xyz\/wp-content\/uploads\/2025\/02\/480219670_625460160449581_8179026715430908611_n-182x300.jpg 182w, https:\/\/rr.unv-informacion.xyz\/wp-content\/uploads\/2025\/02\/480219670_625460160449581_8179026715430908611_n.jpg 941w\" sizes=\"auto, (max-width: 623px) 100vw, 623px\" \/><\/figure>\n\n\n\n<figure class=\"wp-block-image size-large\"><img loading=\"lazy\" decoding=\"async\" width=\"683\" height=\"1024\" src=\"https:\/\/rr.unv-informacion.xyz\/wp-content\/uploads\/2025\/02\/480525532_625460127116251_3016271953492213758_n-683x1024.jpg\" alt=\"\" class=\"wp-image-7478\" srcset=\"https:\/\/rr.unv-informacion.xyz\/wp-content\/uploads\/2025\/02\/480525532_625460127116251_3016271953492213758_n-683x1024.jpg 683w, https:\/\/rr.unv-informacion.xyz\/wp-content\/uploads\/2025\/02\/480525532_625460127116251_3016271953492213758_n-200x300.jpg 200w, https:\/\/rr.unv-informacion.xyz\/wp-content\/uploads\/2025\/02\/480525532_625460127116251_3016271953492213758_n-768x1152.jpg 768w, https:\/\/rr.unv-informacion.xyz\/wp-content\/uploads\/2025\/02\/480525532_625460127116251_3016271953492213758_n.jpg 888w\" sizes=\"auto, (max-width: 683px) 100vw, 683px\" \/><\/figure>\n\n\n<iframe loading=\"lazy\" src=\"https:\/\/www.facebook.com\/plugins\/video.php?href=https%3A%2F%2Fwww.facebook.com%2F100055792722734%2Fvideos%2F489245154236206%2F%3Fref%3Dembed_video&#038;show_text=0&#038;width=267\" width=\"267\" height=\"476\" style=\"border:none;overflow:hidden\" scrolling=\"no\" frameborder=\"0\" allowfullscreen=\"true\" allow=\"autoplay; clipboard-write; encrypted-media; picture-in-picture; web-share\" allowFullScreen=\"true\"><\/iframe>","protected":false},"excerpt":{"rendered":"<p>Polic\u00eda busca a Clara In\u00e9s S\u00e1nchez, sospechosa de la desaparici\u00f3n de un taxista en Moca. Piden ayuda para encontrarla. Las autoridades de Moca, provincia Espaillat, est\u00e1n buscando a Clara In\u00e9s S\u00e1nchez, quien es la principal sospechosa en la desaparici\u00f3n del taxista Alfred Joel Fern\u00e1ndez. Se cree que ella cambi\u00f3 su apariencia, como el color de [&hellip;]<\/p>\n","protected":false},"author":1,"featured_media":7476,"comment_status":"open","ping_status":"open","sticky":false,"template":"","format":"standard","meta":{"footnotes":""},"categories":[1],"tags":[],"class_list":["post-7475","post","type-post","status-publish","format-standard","has-post-thumbnail","hentry","category-uncategorized"],"_links":{"self":[{"href":"https:\/\/rr.unv-informacion.xyz\/index.php?rest_route=\/wp\/v2\/posts\/7475","targetHints":{"allow":["GET"]}}],"collection":[{"href":"https:\/\/rr.unv-informacion.xyz\/index.php?rest_route=\/wp\/v2\/posts"}],"about":[{"href":"https:\/\/rr.unv-informacion.xyz\/index.php?rest_route=\/wp\/v2\/types\/post"}],"author":[{"embeddable":true,"href":"https:\/\/rr.unv-informacion.xyz\/index.php?rest_route=\/wp\/v2\/users\/1"}],"replies":[{"embeddable":true,"href":"https:\/\/rr.unv-informacion.xyz\/index.php?rest_route=%2Fwp%2Fv2%2Fcomments&post=7475"}],"version-history":[{"count":1,"href":"https:\/\/rr.unv-informacion.xyz\/index.php?rest_route=\/wp\/v2\/posts\/7475\/revisions"}],"predecessor-version":[{"id":7479,"href":"https:\/\/rr.unv-informacion.xyz\/index.php?rest_route=\/wp\/v2\/posts\/7475\/revisions\/7479"}],"wp:featuredmedia":[{"embeddable":true,"href":"https:\/\/rr.unv-informacion.xyz\/index.php?rest_route=\/wp\/v2\/media\/7476"}],"wp:attachment":[{"href":"https:\/\/rr.unv-informacion.xyz\/index.php?rest_route=%2Fwp%2Fv2%2Fmedia&parent=7475"}],"wp:term":[{"taxonomy":"category","embeddable":true,"href":"https:\/\/rr.unv-informacion.xyz\/index.php?rest_route=%2Fwp%2Fv2%2Fcategories&post=7475"},{"taxonomy":"post_tag","embeddable":true,"href":"https:\/\/rr.unv-informacion.xyz\/index.php?rest_route=%2Fwp%2Fv2%2Ftags&post=7475"}],"curies":[{"name":"wp","href":"https:\/\/api.w.org\/{rel}","templated":true}]}}