{"id":7484,"date":"2025-02-17T17:44:09","date_gmt":"2025-02-17T17:44:09","guid":{"rendered":"https:\/\/rr.unv-informacion.xyz\/?p=7484"},"modified":"2025-02-17T17:44:10","modified_gmt":"2025-02-17T17:44:10","slug":"tres-hombres-muertos-en-la-guayiga-tras-enfrentamiento-armado","status":"publish","type":"post","link":"https:\/\/rr.unv-informacion.xyz\/?p=7484","title":{"rendered":"Tres hombres muertos en La Gu\u00e1yiga tras enfrentamiento armado"},"content":{"rendered":"\n<p class=\"wp-block-paragraph\">La Polic\u00eda investiga la muerte de tres hombres en La Gu\u00e1yiga; hallaron armas y documentos en la escena.<\/p>\n\n\n\n<p class=\"wp-block-paragraph\">La Polic\u00eda Nacional inform\u00f3 que investiga, junto al Ministerio P\u00fablico, c\u00f3mo murieron tres hombres por heridas de bala en La Gu\u00e1yiga, Pedro Brand, en la madrugada del s\u00e1bado 15 de febrero.<\/p>\n\n\n\n<p class=\"wp-block-paragraph\">Las autoridades dijeron que los tres hombres ten\u00edan antecedentes penales, al tanto de que los fallecidos son Jos\u00e9 Manuel Morel, de 28 a\u00f1os; Castillo de los Santos Contreras, de 48; y Yefri Manuel Morel, de 24, a quienes la Polic\u00eda llam\u00f3 \u00abpresuntos delincuentes\u00bb.<\/p>\n\n\n\n<p class=\"wp-block-paragraph\">Seg\u00fan el informe, la Polic\u00eda fue alertada sobre dos cuerpos en el kil\u00f3metro 20 de la autopista Duarte. Al llegar, encontraron sin vida a Jos\u00e9 Manuel Morel y Castillo de los Santos Contreras, junto a un rev\u00f3lver sin marcas y una motocicleta.<\/p>\n\n\n\n<p class=\"wp-block-paragraph\">Horas despu\u00e9s, en la ma\u00f1ana, hallaron el cuerpo de Yefri Manuel Morel a 10 metros del lugar. Cerca de \u00e9l hab\u00eda una pistola Luger 9mm, un iPhone rojo y una cartera con documentos.<\/p>\n\n\n\n<p class=\"wp-block-paragraph\">La Polic\u00eda explic\u00f3 que Jos\u00e9 Manuel Morel ten\u00eda antecedentes por robo a mano armada, mientras que Castillo de los Santos Contreras estaba vinculado al tr\u00e1fico de drogas.<\/p>\n\n\n\n<p class=\"wp-block-paragraph\">Los cuerpos fueron llevados al Inacif para los ex\u00e1menes, y la Polic\u00eda sigue investigando para encontrar a los responsables.<\/p>\n\n\n\n<figure class=\"wp-block-image size-full\"><img loading=\"lazy\" decoding=\"async\" width=\"469\" height=\"750\" src=\"https:\/\/rr.unv-informacion.xyz\/wp-content\/uploads\/2025\/02\/tres-hombres-mueren-en-balacera-en-la-guayiga.jpg\" alt=\"\" class=\"wp-image-7485\" srcset=\"https:\/\/rr.unv-informacion.xyz\/wp-content\/uploads\/2025\/02\/tres-hombres-mueren-en-balacera-en-la-guayiga.jpg 469w, https:\/\/rr.unv-informacion.xyz\/wp-content\/uploads\/2025\/02\/tres-hombres-mueren-en-balacera-en-la-guayiga-188x300.jpg 188w, https:\/\/rr.unv-informacion.xyz\/wp-content\/uploads\/2025\/02\/tres-hombres-mueren-en-balacera-en-la-guayiga-263x420.jpg 263w\" sizes=\"auto, (max-width: 469px) 100vw, 469px\" \/><\/figure>\n\n\n\n<figure class=\"wp-block-image size-full\"><img loading=\"lazy\" decoding=\"async\" width=\"572\" height=\"450\" src=\"https:\/\/rr.unv-informacion.xyz\/wp-content\/uploads\/2025\/02\/320.jpg\" alt=\"\" class=\"wp-image-7486\" srcset=\"https:\/\/rr.unv-informacion.xyz\/wp-content\/uploads\/2025\/02\/320.jpg 572w, https:\/\/rr.unv-informacion.xyz\/wp-content\/uploads\/2025\/02\/320-300x236.jpg 300w, https:\/\/rr.unv-informacion.xyz\/wp-content\/uploads\/2025\/02\/320-534x420.jpg 534w\" sizes=\"auto, (max-width: 572px) 100vw, 572px\" \/><\/figure>\n\n\n\n<p class=\"wp-block-paragraph\"><a href=\"https:\/\/lasimagenesdeloshechos.com\/2025\/02\/16\/tres-hombres-muertos-en-la-guayiga\/\">IMAGEN FUERTE<\/a><\/p>\n","protected":false},"excerpt":{"rendered":"<p>La Polic\u00eda investiga la muerte de tres hombres en La Gu\u00e1yiga; hallaron armas y documentos en la escena. La Polic\u00eda Nacional inform\u00f3 que investiga, junto al Ministerio P\u00fablico, c\u00f3mo murieron tres hombres por heridas de bala en La Gu\u00e1yiga, Pedro Brand, en la madrugada del s\u00e1bado 15 de febrero. Las autoridades dijeron que los tres [&hellip;]<\/p>\n","protected":false},"author":1,"featured_media":7486,"comment_status":"open","ping_status":"open","sticky":false,"template":"","format":"standard","meta":{"footnotes":""},"categories":[1],"tags":[],"class_list":["post-7484","post","type-post","status-publish","format-standard","has-post-thumbnail","hentry","category-uncategorized"],"_links":{"self":[{"href":"https:\/\/rr.unv-informacion.xyz\/index.php?rest_route=\/wp\/v2\/posts\/7484","targetHints":{"allow":["GET"]}}],"collection":[{"href":"https:\/\/rr.unv-informacion.xyz\/index.php?rest_route=\/wp\/v2\/posts"}],"about":[{"href":"https:\/\/rr.unv-informacion.xyz\/index.php?rest_route=\/wp\/v2\/types\/post"}],"author":[{"embeddable":true,"href":"https:\/\/rr.unv-informacion.xyz\/index.php?rest_route=\/wp\/v2\/users\/1"}],"replies":[{"embeddable":true,"href":"https:\/\/rr.unv-informacion.xyz\/index.php?rest_route=%2Fwp%2Fv2%2Fcomments&post=7484"}],"version-history":[{"count":1,"href":"https:\/\/rr.unv-informacion.xyz\/index.php?rest_route=\/wp\/v2\/posts\/7484\/revisions"}],"predecessor-version":[{"id":7487,"href":"https:\/\/rr.unv-informacion.xyz\/index.php?rest_route=\/wp\/v2\/posts\/7484\/revisions\/7487"}],"wp:featuredmedia":[{"embeddable":true,"href":"https:\/\/rr.unv-informacion.xyz\/index.php?rest_route=\/wp\/v2\/media\/7486"}],"wp:attachment":[{"href":"https:\/\/rr.unv-informacion.xyz\/index.php?rest_route=%2Fwp%2Fv2%2Fmedia&parent=7484"}],"wp:term":[{"taxonomy":"category","embeddable":true,"href":"https:\/\/rr.unv-informacion.xyz\/index.php?rest_route=%2Fwp%2Fv2%2Fcategories&post=7484"},{"taxonomy":"post_tag","embeddable":true,"href":"https:\/\/rr.unv-informacion.xyz\/index.php?rest_route=%2Fwp%2Fv2%2Ftags&post=7484"}],"curies":[{"name":"wp","href":"https:\/\/api.w.org\/{rel}","templated":true}]}}