{"id":7513,"date":"2025-02-19T16:56:13","date_gmt":"2025-02-19T16:56:13","guid":{"rendered":"https:\/\/rr.unv-informacion.xyz\/?p=7513"},"modified":"2025-02-19T16:56:14","modified_gmt":"2025-02-19T16:56:14","slug":"padre-confiesa-motivos-de-agresion-a-su-hijo-mientras-madre-es-detenida-en-bonao","status":"publish","type":"post","link":"https:\/\/rr.unv-informacion.xyz\/?p=7513","title":{"rendered":"Padre confiesa motivos de agresi\u00f3n a su hijo mientras madre es detenida en Bonao"},"content":{"rendered":"\n<p class=\"wp-block-paragraph\">Nuevos detalles surgen en el caso del ni\u00f1o de 7 a\u00f1os que recibi\u00f3 m\u00faltiples estocadas por parte de su padre en Bonao, incluyendo una confesi\u00f3n del agresor y el arresto de la madre por negligencia.<\/p>\n\n\n\n<p class=\"wp-block-paragraph\">Reinaldo Mendoza, de 45 a\u00f1os, rompi\u00f3 el silencio en una entrevista con Noticias Telemicro donde asegur\u00f3: \u00abYo lo llev\u00e9 al m\u00e9dico, si yo quiero ver a mi hijo muerto, \u00bfc\u00f3mo yo voy a llevar al hospital?\u00bb. El agresor, quien se identifica como cristiano, afirm\u00f3 que fue enga\u00f1ado por Satan\u00e1s.<\/p>\n\n\n\n<p class=\"wp-block-paragraph\">Las autoridades revelaron que el incidente ocurri\u00f3 despu\u00e9s de que Mendoza amenazara a la madre del menor por negarse a retomar la relaci\u00f3n. La magistrada procuradora fiscal de ni\u00f1os, ni\u00f1as y adolescentes, Evelyn Garc\u00eda, inform\u00f3 que la madre tambi\u00e9n fue detenida por negligencia parental.<\/p>\n\n\n\n<p class=\"wp-block-paragraph\">\u00abVamos a solicitar lo que se llama la p\u00e9rdida de la autoridad parental de ambos padres\u00bb, explic\u00f3 Garc\u00eda, a\u00f1adiendo que el padre ser\u00e1 presentado ante la justicia donde podr\u00eda enfrentar medidas de coerci\u00f3n.<\/p>\n\n\n\n<p class=\"wp-block-paragraph\">El menor, quien se encuentra internado en el hospital Pedro Emilio de Marchena de Bonao, est\u00e1 fuera de peligro y quedar\u00e1 bajo custodia de las autoridades mientras se resuelve su situaci\u00f3n legal.<\/p>\n\n\n\n<figure class=\"wp-block-embed is-type-video is-provider-youtube wp-block-embed-youtube wp-embed-aspect-16-9 wp-has-aspect-ratio\"><div class=\"wp-block-embed__wrapper\">\n<iframe loading=\"lazy\" title=\"Hombre propin\u00f3 30 estocadas a su hijo de siete a\u00f1os en Monse\u00f1or Nouel\" width=\"640\" height=\"360\" src=\"https:\/\/www.youtube.com\/embed\/4QROW_OlW5w?feature=oembed\" frameborder=\"0\" allow=\"accelerometer; autoplay; clipboard-write; encrypted-media; gyroscope; picture-in-picture; web-share\" referrerpolicy=\"strict-origin-when-cross-origin\" allowfullscreen><\/iframe>\n<\/div><\/figure>\n\n\n<p><iframe loading=\"lazy\" src=\"https:\/\/www.facebook.com\/plugins\/video.php?height=476&#038;href=https%3A%2F%2Fwww.facebook.com%2Fsucesosdeldiard%2Fvideos%2F1152961053497559%2F&#038;show_text=false&#038;width=398&#038;t=0\" width=\"398\" height=\"476\" style=\"border:none;overflow:hidden\" scrolling=\"no\" frameborder=\"0\" allowfullscreen=\"true\" allow=\"autoplay; clipboard-write; encrypted-media; picture-in-picture; web-share\" allowFullScreen=\"true\"><\/iframe><\/p>\n\n\n<p class=\"wp-block-paragraph\"><a href=\"https:\/\/lasimagenesdeloshechos.com\/2025\/02\/18\/hijo-de-reinaldo-mendoza-fernandez\/\">IMAGEN FUERTE<\/a><\/p>\n","protected":false},"excerpt":{"rendered":"<p>Nuevos detalles surgen en el caso del ni\u00f1o de 7 a\u00f1os que recibi\u00f3 m\u00faltiples estocadas por parte de su padre en Bonao, incluyendo una confesi\u00f3n del agresor y el arresto de la madre por negligencia. Reinaldo Mendoza, de 45 a\u00f1os, rompi\u00f3 el silencio en una entrevista con Noticias Telemicro donde asegur\u00f3: \u00abYo lo llev\u00e9 al [&hellip;]<\/p>\n","protected":false},"author":1,"featured_media":7514,"comment_status":"open","ping_status":"open","sticky":false,"template":"","format":"standard","meta":{"footnotes":""},"categories":[1],"tags":[],"class_list":["post-7513","post","type-post","status-publish","format-standard","has-post-thumbnail","hentry","category-uncategorized"],"_links":{"self":[{"href":"https:\/\/rr.unv-informacion.xyz\/index.php?rest_route=\/wp\/v2\/posts\/7513","targetHints":{"allow":["GET"]}}],"collection":[{"href":"https:\/\/rr.unv-informacion.xyz\/index.php?rest_route=\/wp\/v2\/posts"}],"about":[{"href":"https:\/\/rr.unv-informacion.xyz\/index.php?rest_route=\/wp\/v2\/types\/post"}],"author":[{"embeddable":true,"href":"https:\/\/rr.unv-informacion.xyz\/index.php?rest_route=\/wp\/v2\/users\/1"}],"replies":[{"embeddable":true,"href":"https:\/\/rr.unv-informacion.xyz\/index.php?rest_route=%2Fwp%2Fv2%2Fcomments&post=7513"}],"version-history":[{"count":1,"href":"https:\/\/rr.unv-informacion.xyz\/index.php?rest_route=\/wp\/v2\/posts\/7513\/revisions"}],"predecessor-version":[{"id":7515,"href":"https:\/\/rr.unv-informacion.xyz\/index.php?rest_route=\/wp\/v2\/posts\/7513\/revisions\/7515"}],"wp:featuredmedia":[{"embeddable":true,"href":"https:\/\/rr.unv-informacion.xyz\/index.php?rest_route=\/wp\/v2\/media\/7514"}],"wp:attachment":[{"href":"https:\/\/rr.unv-informacion.xyz\/index.php?rest_route=%2Fwp%2Fv2%2Fmedia&parent=7513"}],"wp:term":[{"taxonomy":"category","embeddable":true,"href":"https:\/\/rr.unv-informacion.xyz\/index.php?rest_route=%2Fwp%2Fv2%2Fcategories&post=7513"},{"taxonomy":"post_tag","embeddable":true,"href":"https:\/\/rr.unv-informacion.xyz\/index.php?rest_route=%2Fwp%2Fv2%2Ftags&post=7513"}],"curies":[{"name":"wp","href":"https:\/\/api.w.org\/{rel}","templated":true}]}}