{"id":7517,"date":"2025-02-20T19:47:03","date_gmt":"2025-02-20T19:47:03","guid":{"rendered":"https:\/\/rr.unv-informacion.xyz\/?p=7517"},"modified":"2025-02-20T19:47:03","modified_gmt":"2025-02-20T19:47:03","slug":"la-carinosa-esta-viva","status":"publish","type":"post","link":"https:\/\/rr.unv-informacion.xyz\/?p=7517","title":{"rendered":"La Cari\u00f1osa est\u00e1 viva."},"content":{"rendered":"\n<p class=\"wp-block-paragraph\">En un giro inesperado, la influencer La Cari\u00f1osa fue dada por muerta en redes sociales, informaci\u00f3n que result\u00f3 ser falsa y que habr\u00eda sido difundida intencionalmente por su entorno cercano. La noticia, que inicialmente conmocion\u00f3 a sus seguidores, fue aclarada tras la aparici\u00f3n de la creadora de contenido en la oficina del comunicador Jos\u00e9 Rodr\u00edguez Cuello, conocido en redes sociales como Capricornio TV.<\/p>\n\n\n\n<p class=\"wp-block-paragraph\">El suceso se origin\u00f3 cuando familiares y allegados de La Cari\u00f1osa divulgaron la informaci\u00f3n de su presunto fallecimiento con el objetivo de que dejara de ser buscada y pudiera mantenerse alejada de la opini\u00f3n p\u00fablica. No obstante, horas despu\u00e9s, la influencer se present\u00f3 ante Capricornio TV en evidente estado de deterioro f\u00edsico, lo que gener\u00f3 preocupaci\u00f3n entre quienes la siguen.<\/p>\n\n\n\n<p class=\"wp-block-paragraph\">El creador de contenido confirm\u00f3 la situaci\u00f3n a trav\u00e9s de una publicaci\u00f3n en la cuenta oficial de Instagram de la influencer, asegurando que har\u00e1n todo lo posible por brindarle la ayuda necesaria.<\/p>\n\n\n\n<p class=\"wp-block-paragraph\">La situaci\u00f3n ha desatado una ola de reacciones en redes sociales, con seguidores exigiendo explicaciones sobre los motivos que llevaron a la difusi\u00f3n de esta informaci\u00f3n falsa. Mientras tanto, el estado de salud de La Cari\u00f1osa sigue siendo motivo de atenci\u00f3n y preocupaci\u00f3n en la comunidad digital.<\/p>\n\n\n<iframe loading=\"lazy\" src=\"https:\/\/www.facebook.com\/plugins\/video.php?href=https%3A%2F%2Fwww.facebook.com%2Fsucesosenvideo%2Fvideos%2F2107775809684261%2F%3Fref%3Dembed_video&#038;show_text=0&#038;width=380\" width=\"380\" height=\"476\" style=\"border:none;overflow:hidden\" scrolling=\"no\" frameborder=\"0\" allowfullscreen=\"true\" allow=\"autoplay; clipboard-write; encrypted-media; picture-in-picture; web-share\" allowFullScreen=\"true\"><\/iframe>","protected":false},"excerpt":{"rendered":"<p>En un giro inesperado, la influencer La Cari\u00f1osa fue dada por muerta en redes sociales, informaci\u00f3n que result\u00f3 ser falsa y que habr\u00eda sido difundida intencionalmente por su entorno cercano. La noticia, que inicialmente conmocion\u00f3 a sus seguidores, fue aclarada tras la aparici\u00f3n de la creadora de contenido en la oficina del comunicador Jos\u00e9 Rodr\u00edguez [&hellip;]<\/p>\n","protected":false},"author":1,"featured_media":7518,"comment_status":"open","ping_status":"open","sticky":false,"template":"","format":"standard","meta":{"footnotes":""},"categories":[1],"tags":[],"class_list":["post-7517","post","type-post","status-publish","format-standard","has-post-thumbnail","hentry","category-uncategorized"],"_links":{"self":[{"href":"https:\/\/rr.unv-informacion.xyz\/index.php?rest_route=\/wp\/v2\/posts\/7517","targetHints":{"allow":["GET"]}}],"collection":[{"href":"https:\/\/rr.unv-informacion.xyz\/index.php?rest_route=\/wp\/v2\/posts"}],"about":[{"href":"https:\/\/rr.unv-informacion.xyz\/index.php?rest_route=\/wp\/v2\/types\/post"}],"author":[{"embeddable":true,"href":"https:\/\/rr.unv-informacion.xyz\/index.php?rest_route=\/wp\/v2\/users\/1"}],"replies":[{"embeddable":true,"href":"https:\/\/rr.unv-informacion.xyz\/index.php?rest_route=%2Fwp%2Fv2%2Fcomments&post=7517"}],"version-history":[{"count":1,"href":"https:\/\/rr.unv-informacion.xyz\/index.php?rest_route=\/wp\/v2\/posts\/7517\/revisions"}],"predecessor-version":[{"id":7519,"href":"https:\/\/rr.unv-informacion.xyz\/index.php?rest_route=\/wp\/v2\/posts\/7517\/revisions\/7519"}],"wp:featuredmedia":[{"embeddable":true,"href":"https:\/\/rr.unv-informacion.xyz\/index.php?rest_route=\/wp\/v2\/media\/7518"}],"wp:attachment":[{"href":"https:\/\/rr.unv-informacion.xyz\/index.php?rest_route=%2Fwp%2Fv2%2Fmedia&parent=7517"}],"wp:term":[{"taxonomy":"category","embeddable":true,"href":"https:\/\/rr.unv-informacion.xyz\/index.php?rest_route=%2Fwp%2Fv2%2Fcategories&post=7517"},{"taxonomy":"post_tag","embeddable":true,"href":"https:\/\/rr.unv-informacion.xyz\/index.php?rest_route=%2Fwp%2Fv2%2Ftags&post=7517"}],"curies":[{"name":"wp","href":"https:\/\/api.w.org\/{rel}","templated":true}]}}