{"id":7523,"date":"2025-02-20T19:56:58","date_gmt":"2025-02-20T19:56:58","guid":{"rendered":"https:\/\/rr.unv-informacion.xyz\/?p=7523"},"modified":"2025-02-20T19:56:59","modified_gmt":"2025-02-20T19:56:59","slug":"padre-de-yennely-duarte-exige-justicia-tras-nuevo-retraso","status":"publish","type":"post","link":"https:\/\/rr.unv-informacion.xyz\/?p=7523","title":{"rendered":"Padre de Yennely Duarte exige justicia tras nuevo retraso"},"content":{"rendered":"\n<p class=\"wp-block-paragraph\">Wilson Duarte critica el sistema judicial tras el s\u00e9ptimo aplazamiento del caso de su hija Yennely Duarte, v\u00edctima de un crimen en Cotu\u00ed.<\/p>\n\n\n\n<p class=\"wp-block-paragraph\">El caso de Yennely Duarte sigue sin resolverse en Cotu\u00ed. Su padre, Wilson Duarte, expres\u00f3 su frustraci\u00f3n y envi\u00f3 un mensaje a toda la Rep\u00fablica Dominicana, criticando al sistema judicial por no haber dado respuesta al crimen de su hija.<\/p>\n\n\n\n<p class=\"wp-block-paragraph\">Wilson Duarte afirm\u00f3 que no descansar\u00e1 hasta que se haga justicia por Yennely. El 18 de febrero se llev\u00f3 a cabo la audiencia preliminar por el asesinato de Yennely, quien perdi\u00f3 la vida tras ser atacada con un arma blanca por Ammy Hiraldo Pe\u00f1a. Sin embargo, la audiencia fue aplazada por s\u00e9ptima vez.<\/p>\n\n\n\n<p class=\"wp-block-paragraph\">El motivo del nuevo retraso fue la ausencia de los abogados de Ammy Hiraldo, lo que impidi\u00f3 el avance del proceso judicial.<\/p>\n\n\n\n<figure class=\"wp-block-image size-full\"><img loading=\"lazy\" decoding=\"async\" width=\"526\" height=\"525\" src=\"https:\/\/rr.unv-informacion.xyz\/wp-content\/uploads\/2025\/02\/475474714_1170745337814668_2202195015604058117_n.jpg\" alt=\"\" class=\"wp-image-7524\" srcset=\"https:\/\/rr.unv-informacion.xyz\/wp-content\/uploads\/2025\/02\/475474714_1170745337814668_2202195015604058117_n.jpg 526w, https:\/\/rr.unv-informacion.xyz\/wp-content\/uploads\/2025\/02\/475474714_1170745337814668_2202195015604058117_n-300x300.jpg 300w, https:\/\/rr.unv-informacion.xyz\/wp-content\/uploads\/2025\/02\/475474714_1170745337814668_2202195015604058117_n-150x150.jpg 150w, https:\/\/rr.unv-informacion.xyz\/wp-content\/uploads\/2025\/02\/475474714_1170745337814668_2202195015604058117_n-421x420.jpg 421w\" sizes=\"auto, (max-width: 526px) 100vw, 526px\" \/><\/figure>\n\n\n<iframe loading=\"lazy\" src=\"https:\/\/www.facebook.com\/plugins\/video.php?href=https%3A%2F%2Fwww.facebook.com%2FCotuiAlTantoNacional2%2Fvideos%2F1009980227660722%2F%3Fref%3Dembed_video&#038;show_text=0&#038;width=267\" width=\"267\" height=\"476\" style=\"border:none;overflow:hidden\" scrolling=\"no\" frameborder=\"0\" allowfullscreen=\"true\" allow=\"autoplay; clipboard-write; encrypted-media; picture-in-picture; web-share\" allowFullScreen=\"true\"><\/iframe>\n\n<iframe loading=\"lazy\" src=\"https:\/\/www.facebook.com\/plugins\/video.php?href=https%3A%2F%2Fwww.facebook.com%2F100047612773402%2Fvideos%2F1901059680704851%2F%3Fref%3Dembed_video&#038;show_text=0&#038;width=267\" width=\"267\" height=\"476\" style=\"border:none;overflow:hidden\" scrolling=\"no\" frameborder=\"0\" allowfullscreen=\"true\" allow=\"autoplay; clipboard-write; encrypted-media; picture-in-picture; web-share\" allowFullScreen=\"true\"><\/iframe>","protected":false},"excerpt":{"rendered":"<p>Wilson Duarte critica el sistema judicial tras el s\u00e9ptimo aplazamiento del caso de su hija Yennely Duarte, v\u00edctima de un crimen en Cotu\u00ed. El caso de Yennely Duarte sigue sin resolverse en Cotu\u00ed. Su padre, Wilson Duarte, expres\u00f3 su frustraci\u00f3n y envi\u00f3 un mensaje a toda la Rep\u00fablica Dominicana, criticando al sistema judicial por no [&hellip;]<\/p>\n","protected":false},"author":1,"featured_media":7524,"comment_status":"open","ping_status":"open","sticky":false,"template":"","format":"standard","meta":{"footnotes":""},"categories":[1],"tags":[],"class_list":["post-7523","post","type-post","status-publish","format-standard","has-post-thumbnail","hentry","category-uncategorized"],"_links":{"self":[{"href":"https:\/\/rr.unv-informacion.xyz\/index.php?rest_route=\/wp\/v2\/posts\/7523","targetHints":{"allow":["GET"]}}],"collection":[{"href":"https:\/\/rr.unv-informacion.xyz\/index.php?rest_route=\/wp\/v2\/posts"}],"about":[{"href":"https:\/\/rr.unv-informacion.xyz\/index.php?rest_route=\/wp\/v2\/types\/post"}],"author":[{"embeddable":true,"href":"https:\/\/rr.unv-informacion.xyz\/index.php?rest_route=\/wp\/v2\/users\/1"}],"replies":[{"embeddable":true,"href":"https:\/\/rr.unv-informacion.xyz\/index.php?rest_route=%2Fwp%2Fv2%2Fcomments&post=7523"}],"version-history":[{"count":1,"href":"https:\/\/rr.unv-informacion.xyz\/index.php?rest_route=\/wp\/v2\/posts\/7523\/revisions"}],"predecessor-version":[{"id":7525,"href":"https:\/\/rr.unv-informacion.xyz\/index.php?rest_route=\/wp\/v2\/posts\/7523\/revisions\/7525"}],"wp:featuredmedia":[{"embeddable":true,"href":"https:\/\/rr.unv-informacion.xyz\/index.php?rest_route=\/wp\/v2\/media\/7524"}],"wp:attachment":[{"href":"https:\/\/rr.unv-informacion.xyz\/index.php?rest_route=%2Fwp%2Fv2%2Fmedia&parent=7523"}],"wp:term":[{"taxonomy":"category","embeddable":true,"href":"https:\/\/rr.unv-informacion.xyz\/index.php?rest_route=%2Fwp%2Fv2%2Fcategories&post=7523"},{"taxonomy":"post_tag","embeddable":true,"href":"https:\/\/rr.unv-informacion.xyz\/index.php?rest_route=%2Fwp%2Fv2%2Ftags&post=7523"}],"curies":[{"name":"wp","href":"https:\/\/api.w.org\/{rel}","templated":true}]}}