{"id":7529,"date":"2025-02-20T20:03:35","date_gmt":"2025-02-20T20:03:35","guid":{"rendered":"https:\/\/rr.unv-informacion.xyz\/?p=7529"},"modified":"2025-02-20T20:03:36","modified_gmt":"2025-02-20T20:03:36","slug":"delincuente-buscado-se-entrega-tras-herir-a-teniente-coronel","status":"publish","type":"post","link":"https:\/\/rr.unv-informacion.xyz\/?p=7529","title":{"rendered":"Delincuente buscado se entrega tras herir a teniente coronel"},"content":{"rendered":"\n<p class=\"wp-block-paragraph\">Andy Monci\u00f3n, alias \u00abTres Pasito\u00bb, se entreg\u00f3 en Valverde tras herir a un oficial. La Polic\u00eda recuper\u00f3 el arma usada en el hecho.<\/p>\n\n\n\n<p class=\"wp-block-paragraph\">La Polic\u00eda Nacional inform\u00f3 que este mi\u00e9rcoles se entreg\u00f3 Andy Monci\u00f3n, alias \u00abTres Pasito\u00ab, de 28 a\u00f1os, quien era buscado por haber herido de bala al teniente coronel Stalin Vidal de los Santos, jefe de la Divisi\u00f3n Mao de la Subdirecci\u00f3n Regional de Investigaci\u00f3n (Dicrim) Noroeste, en Valverde.<\/p>\n\n\n\n<p class=\"wp-block-paragraph\">Monci\u00f3n se present\u00f3 en el Palacio de Justicia de Valverde acompa\u00f1ado del pastor Guillermo, de la iglesia cristiana Barrio Lindo, en Boca de Mao.<\/p>\n\n\n\n<p class=\"wp-block-paragraph\">Luego de su entrega, llev\u00f3 a los agentes a una casa en la calle Florinda Soriano, en Esperanza. All\u00ed, un hombre de 35 a\u00f1os entreg\u00f3 voluntariamente la pistola Glock calibre 9mm utilizada en el ataque, con un cargador y 38 c\u00e1psulas. Tras esto, tambi\u00e9n fue detenido para fines de investigaci\u00f3n.<\/p>\n\n\n\n<p class=\"wp-block-paragraph\">La Polic\u00eda confirm\u00f3 que Monci\u00f3n ser\u00e1 puesto a disposici\u00f3n del Ministerio P\u00fablico, mientras siguen las investigaciones sobre el caso.<\/p>\n\n\n\n<figure class=\"wp-block-image size-large\"><img loading=\"lazy\" decoding=\"async\" width=\"927\" height=\"1024\" src=\"https:\/\/rr.unv-informacion.xyz\/wp-content\/uploads\/2025\/02\/06dd427c-77c0-447b-9094-d0af3fe67c93-927x1024.jpg\" alt=\"\" class=\"wp-image-7530\" srcset=\"https:\/\/rr.unv-informacion.xyz\/wp-content\/uploads\/2025\/02\/06dd427c-77c0-447b-9094-d0af3fe67c93-927x1024.jpg 927w, https:\/\/rr.unv-informacion.xyz\/wp-content\/uploads\/2025\/02\/06dd427c-77c0-447b-9094-d0af3fe67c93-271x300.jpg 271w, https:\/\/rr.unv-informacion.xyz\/wp-content\/uploads\/2025\/02\/06dd427c-77c0-447b-9094-d0af3fe67c93-768x849.jpg 768w, https:\/\/rr.unv-informacion.xyz\/wp-content\/uploads\/2025\/02\/06dd427c-77c0-447b-9094-d0af3fe67c93-380x420.jpg 380w, https:\/\/rr.unv-informacion.xyz\/wp-content\/uploads\/2025\/02\/06dd427c-77c0-447b-9094-d0af3fe67c93.jpg 932w\" sizes=\"auto, (max-width: 927px) 100vw, 927px\" \/><\/figure>\n\n\n<iframe loading=\"lazy\" src=\"https:\/\/www.facebook.com\/plugins\/video.php?href=https%3A%2F%2Fwww.facebook.com%2Frayonoticia%2Fvideos%2F516914724344208%2F%3Fref%3Dembed_video&#038;show_text=0&#038;width=267\" width=\"267\" height=\"476\" style=\"border:none;overflow:hidden\" scrolling=\"no\" frameborder=\"0\" allowfullscreen=\"true\" allow=\"autoplay; clipboard-write; encrypted-media; picture-in-picture; web-share\" allowFullScreen=\"true\"><\/iframe>\n\n<iframe loading=\"lazy\" src=\"https:\/\/www.facebook.com\/plugins\/video.php?href=https%3A%2F%2Fwww.facebook.com%2F100089336770617%2Fvideos%2F890759573027130%2F%3Fref%3Dembed_video&#038;show_text=0&#038;width=560\" width=\"560\" height=\"316\" style=\"border:none;overflow:hidden\" scrolling=\"no\" frameborder=\"0\" allowfullscreen=\"true\" allow=\"autoplay; clipboard-write; encrypted-media; picture-in-picture; web-share\" allowFullScreen=\"true\"><\/iframe>","protected":false},"excerpt":{"rendered":"<p>Andy Monci\u00f3n, alias \u00abTres Pasito\u00bb, se entreg\u00f3 en Valverde tras herir a un oficial. La Polic\u00eda recuper\u00f3 el arma usada en el hecho. La Polic\u00eda Nacional inform\u00f3 que este mi\u00e9rcoles se entreg\u00f3 Andy Monci\u00f3n, alias \u00abTres Pasito\u00ab, de 28 a\u00f1os, quien era buscado por haber herido de bala al teniente coronel Stalin Vidal de los [&hellip;]<\/p>\n","protected":false},"author":1,"featured_media":7530,"comment_status":"open","ping_status":"open","sticky":false,"template":"","format":"standard","meta":{"footnotes":""},"categories":[1],"tags":[],"class_list":["post-7529","post","type-post","status-publish","format-standard","has-post-thumbnail","hentry","category-uncategorized"],"_links":{"self":[{"href":"https:\/\/rr.unv-informacion.xyz\/index.php?rest_route=\/wp\/v2\/posts\/7529","targetHints":{"allow":["GET"]}}],"collection":[{"href":"https:\/\/rr.unv-informacion.xyz\/index.php?rest_route=\/wp\/v2\/posts"}],"about":[{"href":"https:\/\/rr.unv-informacion.xyz\/index.php?rest_route=\/wp\/v2\/types\/post"}],"author":[{"embeddable":true,"href":"https:\/\/rr.unv-informacion.xyz\/index.php?rest_route=\/wp\/v2\/users\/1"}],"replies":[{"embeddable":true,"href":"https:\/\/rr.unv-informacion.xyz\/index.php?rest_route=%2Fwp%2Fv2%2Fcomments&post=7529"}],"version-history":[{"count":1,"href":"https:\/\/rr.unv-informacion.xyz\/index.php?rest_route=\/wp\/v2\/posts\/7529\/revisions"}],"predecessor-version":[{"id":7531,"href":"https:\/\/rr.unv-informacion.xyz\/index.php?rest_route=\/wp\/v2\/posts\/7529\/revisions\/7531"}],"wp:featuredmedia":[{"embeddable":true,"href":"https:\/\/rr.unv-informacion.xyz\/index.php?rest_route=\/wp\/v2\/media\/7530"}],"wp:attachment":[{"href":"https:\/\/rr.unv-informacion.xyz\/index.php?rest_route=%2Fwp%2Fv2%2Fmedia&parent=7529"}],"wp:term":[{"taxonomy":"category","embeddable":true,"href":"https:\/\/rr.unv-informacion.xyz\/index.php?rest_route=%2Fwp%2Fv2%2Fcategories&post=7529"},{"taxonomy":"post_tag","embeddable":true,"href":"https:\/\/rr.unv-informacion.xyz\/index.php?rest_route=%2Fwp%2Fv2%2Ftags&post=7529"}],"curies":[{"name":"wp","href":"https:\/\/api.w.org\/{rel}","templated":true}]}}