{"id":7536,"date":"2025-02-21T18:05:33","date_gmt":"2025-02-21T18:05:33","guid":{"rendered":"https:\/\/rr.unv-informacion.xyz\/?p=7536"},"modified":"2025-02-21T18:05:34","modified_gmt":"2025-02-21T18:05:34","slug":"capricornio-revela-como-descubrio-que-la-carinosa-sigue-con-vida","status":"publish","type":"post","link":"https:\/\/rr.unv-informacion.xyz\/?p=7536","title":{"rendered":"Capricornio revela c\u00f3mo descubri\u00f3 que La Cari\u00f1osa sigue con vida"},"content":{"rendered":"\n<p class=\"wp-block-paragraph\">Capricornio TV revela c\u00f3mo descubri\u00f3 que La Cari\u00f1osa sigue con vida. Durante una entrevista telef\u00f3nica en el programa Jessica en Punto, el creador de contenido Capricornio TV detall\u00f3 el momento en que se dio cuenta de que la influencer no hab\u00eda fallecido, como inicialmente se inform\u00f3.<\/p>\n\n\n\n<p class=\"wp-block-paragraph\">Seg\u00fan explic\u00f3 en la llamada en vivo, mientras a\u00fan procesaba la noticia de su supuesta muerte, recibi\u00f3 una informaci\u00f3n inesperada que confirmaba que La Cari\u00f1osa estaba viva. De inmediato, tom\u00f3 acci\u00f3n y logr\u00f3 comunicarse con ella.<\/p>\n\n\n\n<p class=\"wp-block-paragraph\">En ese preciso instante en que hablaba con el programa de Jessica Pereira, se encontraba en camino a la cl\u00ednica Cruz Jimini\u00e1n junto a la influencer.<\/p>\n\n\n\n<p class=\"wp-block-paragraph\">Capricornio TV relat\u00f3 que, tras la conmoci\u00f3n generada en redes sociales, algunas personas cercanas a La Cari\u00f1osa le proporcionaron datos sobre su paradero y estado de salud, lo que lo llev\u00f3 a verificar por s\u00ed mismo la situaci\u00f3n.<\/p>\n\n\n\n<p class=\"wp-block-paragraph\">Durante la entrevista, el creador de contenido reconoci\u00f3 que la noticia de su muerte caus\u00f3 gran revuelo y que fue su propio equipo el que difundi\u00f3 la informaci\u00f3n original, bas\u00e1ndose en versiones de familiares y allegados de la influencer.<\/p>\n\n\n\n<p class=\"wp-block-paragraph\">Ahora, con los hechos aclarados, asegur\u00f3 que su prioridad es apoyarla en este momento dif\u00edcil.<\/p>\n\n\n\n<p class=\"wp-block-paragraph\">Se espera que en las pr\u00f3ximas horas haya m\u00e1s detalles sobre su estado de salud y los motivos que llevaron a la confusi\u00f3n sobre su fallecimiento.<\/p>\n\n\n\n<figure class=\"wp-block-embed is-type-video is-provider-youtube wp-block-embed-youtube wp-embed-aspect-16-9 wp-has-aspect-ratio\"><div class=\"wp-block-embed__wrapper\">\n<iframe loading=\"lazy\" title=\"CAPRICORNIO DECLARACIONES EXCLUSIVA DE LA MUERTE DE LA CARIN\u0303OSA\" width=\"640\" height=\"360\" src=\"https:\/\/www.youtube.com\/embed\/IE4hQQ_3zww?feature=oembed\" frameborder=\"0\" allow=\"accelerometer; autoplay; clipboard-write; encrypted-media; gyroscope; picture-in-picture; web-share\" referrerpolicy=\"strict-origin-when-cross-origin\" allowfullscreen><\/iframe>\n<\/div><\/figure>\n","protected":false},"excerpt":{"rendered":"<p>Capricornio TV revela c\u00f3mo descubri\u00f3 que La Cari\u00f1osa sigue con vida. Durante una entrevista telef\u00f3nica en el programa Jessica en Punto, el creador de contenido Capricornio TV detall\u00f3 el momento en que se dio cuenta de que la influencer no hab\u00eda fallecido, como inicialmente se inform\u00f3. Seg\u00fan explic\u00f3 en la llamada en vivo, mientras a\u00fan [&hellip;]<\/p>\n","protected":false},"author":1,"featured_media":7537,"comment_status":"open","ping_status":"open","sticky":false,"template":"","format":"standard","meta":{"footnotes":""},"categories":[1],"tags":[],"class_list":["post-7536","post","type-post","status-publish","format-standard","has-post-thumbnail","hentry","category-uncategorized"],"_links":{"self":[{"href":"https:\/\/rr.unv-informacion.xyz\/index.php?rest_route=\/wp\/v2\/posts\/7536","targetHints":{"allow":["GET"]}}],"collection":[{"href":"https:\/\/rr.unv-informacion.xyz\/index.php?rest_route=\/wp\/v2\/posts"}],"about":[{"href":"https:\/\/rr.unv-informacion.xyz\/index.php?rest_route=\/wp\/v2\/types\/post"}],"author":[{"embeddable":true,"href":"https:\/\/rr.unv-informacion.xyz\/index.php?rest_route=\/wp\/v2\/users\/1"}],"replies":[{"embeddable":true,"href":"https:\/\/rr.unv-informacion.xyz\/index.php?rest_route=%2Fwp%2Fv2%2Fcomments&post=7536"}],"version-history":[{"count":1,"href":"https:\/\/rr.unv-informacion.xyz\/index.php?rest_route=\/wp\/v2\/posts\/7536\/revisions"}],"predecessor-version":[{"id":7538,"href":"https:\/\/rr.unv-informacion.xyz\/index.php?rest_route=\/wp\/v2\/posts\/7536\/revisions\/7538"}],"wp:featuredmedia":[{"embeddable":true,"href":"https:\/\/rr.unv-informacion.xyz\/index.php?rest_route=\/wp\/v2\/media\/7537"}],"wp:attachment":[{"href":"https:\/\/rr.unv-informacion.xyz\/index.php?rest_route=%2Fwp%2Fv2%2Fmedia&parent=7536"}],"wp:term":[{"taxonomy":"category","embeddable":true,"href":"https:\/\/rr.unv-informacion.xyz\/index.php?rest_route=%2Fwp%2Fv2%2Fcategories&post=7536"},{"taxonomy":"post_tag","embeddable":true,"href":"https:\/\/rr.unv-informacion.xyz\/index.php?rest_route=%2Fwp%2Fv2%2Ftags&post=7536"}],"curies":[{"name":"wp","href":"https:\/\/api.w.org\/{rel}","templated":true}]}}