{"id":7539,"date":"2025-02-21T18:09:44","date_gmt":"2025-02-21T18:09:44","guid":{"rendered":"https:\/\/rr.unv-informacion.xyz\/?p=7539"},"modified":"2025-02-21T18:09:44","modified_gmt":"2025-02-21T18:09:44","slug":"familia-de-teniente-profugo-denuncia-abusos-policiales","status":"publish","type":"post","link":"https:\/\/rr.unv-informacion.xyz\/?p=7539","title":{"rendered":"Familia de teniente pr\u00f3fugo denuncia abusos policiales"},"content":{"rendered":"\n<p class=\"wp-block-paragraph\">Familiares de Juan Luis Jim\u00e9nez Adames denuncian abusos policiales en Villa Altagracia durante operativos de b\u00fasqueda, pidiendo respeto a sus derechos.<\/p>\n\n\n\n<p class=\"wp-block-paragraph\">Los familiares de Juan Luis Jim\u00e9nez Adames, un teniente acusado de asesinar a su pareja y a la madre de esta en La Vega, han denunciado que la polic\u00eda los est\u00e1 maltratando durante los operativos de b\u00fasqueda en Villa Altagracia.<\/p>\n\n\n\n<p class=\"wp-block-paragraph\">Seg\u00fan relataron, los agentes de la Polic\u00eda Nacional han entrado a varias casas en la comunidad de Basima, donde viven, causando da\u00f1os y violando sus derechos.<\/p>\n\n\n\n<p class=\"wp-block-paragraph\">Jason Jim\u00e9nez, hijo del pr\u00f3fugo, su hermana Mariela Jim\u00e9nez, su madre Juana Constanza, quien no puede ver y est\u00e1 enferma, junto con otros familiares, dijeron estar asustados e indignados por el trato recibido.<\/p>\n\n\n\n<p class=\"wp-block-paragraph\">Los denunciantes afirmaron que los polic\u00edas han revisado viviendas sin \u00f3rdenes judiciales, rompiendo puertas y ventanas, adem\u00e1s de llevarse pertenencias como motocicletas y otros objetos personales.<\/p>\n\n\n\n<p class=\"wp-block-paragraph\">Yamelis Altagracia de los Santos, expareja de Jim\u00e9nez Adames, cont\u00f3 que se llevaron su motocicleta sin motivo y obligaron a su hijo Jason a llevarlos hasta el veh\u00edculo de su padre, el cual tambi\u00e9n fue confiscado.<\/p>\n\n\n\n<p class=\"wp-block-paragraph\">\u00abSabemos lo que hizo mi hermano, no lo justificamos ni lo defendemos, pero no es justo que toda nuestra familia pague por sus actos\u00bb, declar\u00f3 Mariela Jim\u00e9nez, hermana del acusado. Tambi\u00e9n pidi\u00f3 ayuda a la Primera Dama de la Rep\u00fablica para detener los abusos en su contra.<\/p>\n\n\n\n<p class=\"wp-block-paragraph\">Los afectados dijeron que los operativos se han hecho con mucha violencia, usando armas grandes como si estuvieran persiguiendo a criminales peligrosos. \u00abNo somos delincuentes, solo queremos vivir en paz\u00bb, expresaron.<\/p>\n\n\n\n<p class=\"wp-block-paragraph\">Finalmente, los familiares aseguraron que no saben d\u00f3nde est\u00e1 el pr\u00f3fugo y que Basima ser\u00eda el \u00faltimo lugar donde \u00e9l se esconder\u00eda, ya que no querr\u00eda ponerlos en peligro. Pidieron a las autoridades actuar respetando la ley y detener los abusos contra personas inocentes.<\/p>\n\n\n\n<figure class=\"wp-block-image size-full\"><img loading=\"lazy\" decoding=\"async\" width=\"720\" height=\"720\" src=\"https:\/\/rr.unv-informacion.xyz\/wp-content\/uploads\/2025\/02\/473728984_1292778552022799_2492168240747940240_n.jpg\" alt=\"\" class=\"wp-image-7540\" srcset=\"https:\/\/rr.unv-informacion.xyz\/wp-content\/uploads\/2025\/02\/473728984_1292778552022799_2492168240747940240_n.jpg 720w, https:\/\/rr.unv-informacion.xyz\/wp-content\/uploads\/2025\/02\/473728984_1292778552022799_2492168240747940240_n-300x300.jpg 300w, https:\/\/rr.unv-informacion.xyz\/wp-content\/uploads\/2025\/02\/473728984_1292778552022799_2492168240747940240_n-150x150.jpg 150w, https:\/\/rr.unv-informacion.xyz\/wp-content\/uploads\/2025\/02\/473728984_1292778552022799_2492168240747940240_n-420x420.jpg 420w, https:\/\/rr.unv-informacion.xyz\/wp-content\/uploads\/2025\/02\/473728984_1292778552022799_2492168240747940240_n-640x640.jpg 640w, https:\/\/rr.unv-informacion.xyz\/wp-content\/uploads\/2025\/02\/473728984_1292778552022799_2492168240747940240_n-681x681.jpg 681w\" sizes=\"auto, (max-width: 720px) 100vw, 720px\" \/><\/figure>\n\n\n\n<figure class=\"wp-block-image size-large\"><img loading=\"lazy\" decoding=\"async\" width=\"561\" height=\"1024\" src=\"https:\/\/rr.unv-informacion.xyz\/wp-content\/uploads\/2025\/02\/474256780_1640069670200584_4969528154701911519_n-561x1024.jpg\" alt=\"\" class=\"wp-image-7541\" srcset=\"https:\/\/rr.unv-informacion.xyz\/wp-content\/uploads\/2025\/02\/474256780_1640069670200584_4969528154701911519_n-561x1024.jpg 561w, https:\/\/rr.unv-informacion.xyz\/wp-content\/uploads\/2025\/02\/474256780_1640069670200584_4969528154701911519_n-164x300.jpg 164w, https:\/\/rr.unv-informacion.xyz\/wp-content\/uploads\/2025\/02\/474256780_1640069670200584_4969528154701911519_n.jpg 1122w\" sizes=\"auto, (max-width: 561px) 100vw, 561px\" \/><\/figure>\n\n\n\n<figure class=\"wp-block-image size-full\"><img loading=\"lazy\" decoding=\"async\" width=\"340\" height=\"600\" src=\"https:\/\/rr.unv-informacion.xyz\/wp-content\/uploads\/2025\/02\/473350955_1640069646867253_8850909833034135019_n.jpg\" alt=\"\" class=\"wp-image-7542\" srcset=\"https:\/\/rr.unv-informacion.xyz\/wp-content\/uploads\/2025\/02\/473350955_1640069646867253_8850909833034135019_n.jpg 340w, https:\/\/rr.unv-informacion.xyz\/wp-content\/uploads\/2025\/02\/473350955_1640069646867253_8850909833034135019_n-170x300.jpg 170w, https:\/\/rr.unv-informacion.xyz\/wp-content\/uploads\/2025\/02\/473350955_1640069646867253_8850909833034135019_n-238x420.jpg 238w\" sizes=\"auto, (max-width: 340px) 100vw, 340px\" \/><\/figure>\n\n\n\n<figure class=\"wp-block-embed is-type-video is-provider-youtube wp-block-embed-youtube wp-embed-aspect-16-9 wp-has-aspect-ratio\"><div class=\"wp-block-embed__wrapper\">\n<iframe loading=\"lazy\" title=\"Familiares de agente que asesino a su pareja y su suegra denuncian ser atropellados por la PN\" width=\"640\" height=\"360\" src=\"https:\/\/www.youtube.com\/embed\/eE2XhkXQyeE?feature=oembed\" frameborder=\"0\" allow=\"accelerometer; autoplay; clipboard-write; encrypted-media; gyroscope; picture-in-picture; web-share\" referrerpolicy=\"strict-origin-when-cross-origin\" allowfullscreen><\/iframe>\n<\/div><\/figure>\n","protected":false},"excerpt":{"rendered":"<p>Familiares de Juan Luis Jim\u00e9nez Adames denuncian abusos policiales en Villa Altagracia durante operativos de b\u00fasqueda, pidiendo respeto a sus derechos. Los familiares de Juan Luis Jim\u00e9nez Adames, un teniente acusado de asesinar a su pareja y a la madre de esta en La Vega, han denunciado que la polic\u00eda los est\u00e1 maltratando durante los [&hellip;]<\/p>\n","protected":false},"author":1,"featured_media":7540,"comment_status":"open","ping_status":"open","sticky":false,"template":"","format":"standard","meta":{"footnotes":""},"categories":[1],"tags":[],"class_list":["post-7539","post","type-post","status-publish","format-standard","has-post-thumbnail","hentry","category-uncategorized"],"_links":{"self":[{"href":"https:\/\/rr.unv-informacion.xyz\/index.php?rest_route=\/wp\/v2\/posts\/7539","targetHints":{"allow":["GET"]}}],"collection":[{"href":"https:\/\/rr.unv-informacion.xyz\/index.php?rest_route=\/wp\/v2\/posts"}],"about":[{"href":"https:\/\/rr.unv-informacion.xyz\/index.php?rest_route=\/wp\/v2\/types\/post"}],"author":[{"embeddable":true,"href":"https:\/\/rr.unv-informacion.xyz\/index.php?rest_route=\/wp\/v2\/users\/1"}],"replies":[{"embeddable":true,"href":"https:\/\/rr.unv-informacion.xyz\/index.php?rest_route=%2Fwp%2Fv2%2Fcomments&post=7539"}],"version-history":[{"count":1,"href":"https:\/\/rr.unv-informacion.xyz\/index.php?rest_route=\/wp\/v2\/posts\/7539\/revisions"}],"predecessor-version":[{"id":7543,"href":"https:\/\/rr.unv-informacion.xyz\/index.php?rest_route=\/wp\/v2\/posts\/7539\/revisions\/7543"}],"wp:featuredmedia":[{"embeddable":true,"href":"https:\/\/rr.unv-informacion.xyz\/index.php?rest_route=\/wp\/v2\/media\/7540"}],"wp:attachment":[{"href":"https:\/\/rr.unv-informacion.xyz\/index.php?rest_route=%2Fwp%2Fv2%2Fmedia&parent=7539"}],"wp:term":[{"taxonomy":"category","embeddable":true,"href":"https:\/\/rr.unv-informacion.xyz\/index.php?rest_route=%2Fwp%2Fv2%2Fcategories&post=7539"},{"taxonomy":"post_tag","embeddable":true,"href":"https:\/\/rr.unv-informacion.xyz\/index.php?rest_route=%2Fwp%2Fv2%2Ftags&post=7539"}],"curies":[{"name":"wp","href":"https:\/\/api.w.org\/{rel}","templated":true}]}}