{"id":7548,"date":"2025-02-22T17:43:43","date_gmt":"2025-02-22T17:43:43","guid":{"rendered":"https:\/\/rr.unv-informacion.xyz\/?p=7548"},"modified":"2025-02-22T17:43:43","modified_gmt":"2025-02-22T17:43:43","slug":"abuela-de-yondelvi-gerbara-exige-justicia-tras-su-muerte","status":"publish","type":"post","link":"https:\/\/rr.unv-informacion.xyz\/?p=7548","title":{"rendered":"Abuela de Yondelvi Gerbara exige justicia tras su muerte"},"content":{"rendered":"\n<p class=\"wp-block-paragraph\">La abuela de Yondelvi Gerbara pide justicia despu\u00e9s de la confirmaci\u00f3n de su muerte. Familiares exigen respuestas y acciones r\u00e1pidas en el caso.<\/p>\n\n\n\n<p class=\"wp-block-paragraph\">La abuela de Yondelvi Guevara, el adolescente de 14 a\u00f1os que hab\u00eda sido reportado como desaparecido el 24 de octubre de 2023, rompi\u00f3 el silencio y exige justicia tras confirmarse que los restos encontrados el 11 de octubre de 2023 pertenecen a su nieto.<\/p>\n\n\n\n<p class=\"wp-block-paragraph\">Yondelvi, quien viv\u00eda en la comunidad de Alto de Piedra, en Salcedo, fue hallado a unos 400 metros de su casa despu\u00e9s de casi un a\u00f1o de intensa b\u00fasqueda. Sus restos fueron enviados al Instituto Nacional de Ciencias Forenses (INACIF), donde este jueves 20 de febrero, sus familiares confirmaron su identidad.<\/p>\n\n\n\n<p class=\"wp-block-paragraph\">A pesar de este hallazgo, las autoridades a\u00fan no han dado respuestas claras sobre lo ocurrido, lo que ha causado gran preocupaci\u00f3n entre los familiares y la comunidad. Ahora, el caso entra en una nueva fase de investigaci\u00f3n para esclarecer c\u00f3mo desapareci\u00f3 y c\u00f3mo muri\u00f3.<\/p>\n\n\n\n<p class=\"wp-block-paragraph\">Su abuela, muy afectada, pidi\u00f3 justicia: \u00abCaiga quien caiga, quiero justicia para mi nieto.\u00bb Familiares y vecinos tambi\u00e9n han pedido a las autoridades que act\u00faen r\u00e1pido en las investigaciones y que se haga justicia por Yondelvi.<\/p>\n\n\n<iframe loading=\"lazy\" src=\"https:\/\/www.facebook.com\/plugins\/video.php?href=https%3A%2F%2Fwww.facebook.com%2Fsucesosdeldiard%2Fvideos%2F638779425769395%2F%3Fref%3Dembed_video&#038;show_text=0&#038;width=476\" width=\"476\" height=\"476\" style=\"border:none;overflow:hidden\" scrolling=\"no\" frameborder=\"0\" allowfullscreen=\"true\" allow=\"autoplay; clipboard-write; encrypted-media; picture-in-picture; web-share\" allowFullScreen=\"true\"><\/iframe>\n\n<iframe loading=\"lazy\" src=\"https:\/\/www.facebook.com\/plugins\/video.php?href=https%3A%2F%2Fwww.facebook.com%2F61568767200056%2Fvideos%2F1157799499398198%2F%3Fref%3Dembed_video&#038;show_text=0&#038;width=380\" width=\"380\" height=\"476\" style=\"border:none;overflow:hidden\" scrolling=\"no\" frameborder=\"0\" allowfullscreen=\"true\" allow=\"autoplay; clipboard-write; encrypted-media; picture-in-picture; web-share\" allowFullScreen=\"true\"><\/iframe>\n\n<iframe loading=\"lazy\" src=\"https:\/\/www.facebook.com\/plugins\/video.php?href=https%3A%2F%2Fwww.facebook.com%2F61568767200056%2Fvideos%2F604219805778529%2F%3Fref%3Dembed_video&#038;show_text=0&#038;width=380\" width=\"380\" height=\"476\" style=\"border:none;overflow:hidden\" scrolling=\"no\" frameborder=\"0\" allowfullscreen=\"true\" allow=\"autoplay; clipboard-write; encrypted-media; picture-in-picture; web-share\" allowFullScreen=\"true\"><\/iframe>","protected":false},"excerpt":{"rendered":"<p>La abuela de Yondelvi Gerbara pide justicia despu\u00e9s de la confirmaci\u00f3n de su muerte. Familiares exigen respuestas y acciones r\u00e1pidas en el caso. La abuela de Yondelvi Guevara, el adolescente de 14 a\u00f1os que hab\u00eda sido reportado como desaparecido el 24 de octubre de 2023, rompi\u00f3 el silencio y exige justicia tras confirmarse que los [&hellip;]<\/p>\n","protected":false},"author":1,"featured_media":7549,"comment_status":"open","ping_status":"open","sticky":false,"template":"","format":"standard","meta":{"footnotes":""},"categories":[1],"tags":[],"class_list":["post-7548","post","type-post","status-publish","format-standard","has-post-thumbnail","hentry","category-uncategorized"],"_links":{"self":[{"href":"https:\/\/rr.unv-informacion.xyz\/index.php?rest_route=\/wp\/v2\/posts\/7548","targetHints":{"allow":["GET"]}}],"collection":[{"href":"https:\/\/rr.unv-informacion.xyz\/index.php?rest_route=\/wp\/v2\/posts"}],"about":[{"href":"https:\/\/rr.unv-informacion.xyz\/index.php?rest_route=\/wp\/v2\/types\/post"}],"author":[{"embeddable":true,"href":"https:\/\/rr.unv-informacion.xyz\/index.php?rest_route=\/wp\/v2\/users\/1"}],"replies":[{"embeddable":true,"href":"https:\/\/rr.unv-informacion.xyz\/index.php?rest_route=%2Fwp%2Fv2%2Fcomments&post=7548"}],"version-history":[{"count":1,"href":"https:\/\/rr.unv-informacion.xyz\/index.php?rest_route=\/wp\/v2\/posts\/7548\/revisions"}],"predecessor-version":[{"id":7550,"href":"https:\/\/rr.unv-informacion.xyz\/index.php?rest_route=\/wp\/v2\/posts\/7548\/revisions\/7550"}],"wp:featuredmedia":[{"embeddable":true,"href":"https:\/\/rr.unv-informacion.xyz\/index.php?rest_route=\/wp\/v2\/media\/7549"}],"wp:attachment":[{"href":"https:\/\/rr.unv-informacion.xyz\/index.php?rest_route=%2Fwp%2Fv2%2Fmedia&parent=7548"}],"wp:term":[{"taxonomy":"category","embeddable":true,"href":"https:\/\/rr.unv-informacion.xyz\/index.php?rest_route=%2Fwp%2Fv2%2Fcategories&post=7548"},{"taxonomy":"post_tag","embeddable":true,"href":"https:\/\/rr.unv-informacion.xyz\/index.php?rest_route=%2Fwp%2Fv2%2Ftags&post=7548"}],"curies":[{"name":"wp","href":"https:\/\/api.w.org\/{rel}","templated":true}]}}