{"id":7559,"date":"2025-02-22T17:54:24","date_gmt":"2025-02-22T17:54:24","guid":{"rendered":"https:\/\/rr.unv-informacion.xyz\/?p=7559"},"modified":"2025-02-22T17:54:25","modified_gmt":"2025-02-22T17:54:25","slug":"yeni-berenice-reynoso-es-la-nueva-procuradora-general-de-rd","status":"publish","type":"post","link":"https:\/\/rr.unv-informacion.xyz\/?p=7559","title":{"rendered":"Yeni Berenice Reynoso es la nueva procuradora general de RD"},"content":{"rendered":"\n<p class=\"wp-block-paragraph\">Yeni Berenice Reynoso fue designada como procuradora general de RD por el CNM, destac\u00e1ndose por su lucha contra la corrupci\u00f3n y el crimen organizado.<\/p>\n\n\n\n<p class=\"wp-block-paragraph\">En una decisi\u00f3n un\u00e1nime, el Consejo Nacional de la Magistratura (CNM) nombr\u00f3 a Yeni Berenice Reynoso como la nueva procuradora general de la Rep\u00fablica, en sustituci\u00f3n de Miriam Germ\u00e1n Brito.<\/p>\n\n\n\n<p class=\"wp-block-paragraph\">El anuncio se hizo luego de una reuni\u00f3n de m\u00e1s de una hora en el Palacio Nacional.<\/p>\n\n\n\n<p class=\"wp-block-paragraph\">Reynoso, conocida como \u00abla fiscal de hierro\u00ab, ha jugado un papel clave en la lucha contra la corrupci\u00f3n y el crimen organizado. Antes de este nombramiento, se desempe\u00f1\u00f3 como directora general de Persecuci\u00f3n del Ministerio P\u00fablico, donde se destac\u00f3 por su firmeza y determinaci\u00f3n.<\/p>\n\n\n\n<p class=\"wp-block-paragraph\">Su candidatura fue propuesta por el presidente Luis Abinader y recibi\u00f3 el apoyo absoluto de los miembros del CNM.<\/p>\n\n\n\n<p class=\"wp-block-paragraph\">Tambi\u00e9n se inform\u00f3 que las sesiones del consejo seguir\u00e1n hasta el lunes para seleccionar a los siete procuradores adjuntos que acompa\u00f1ar\u00e1n a Reynoso en su gesti\u00f3n.<\/p>\n\n\n\n<p class=\"wp-block-paragraph\">El CNM, que se encarga de designar a los titulares del Ministerio P\u00fablico, est\u00e1 compuesto por las principales autoridades del pa\u00eds. Actualmente, lo integran el presidente Luis Abinader, el presidente del Senado, Ricardo de los Santos, y el presidente de la C\u00e1mara de Diputados, Alfredo Pacheco.<\/p>\n\n\n\n<p class=\"wp-block-paragraph\">Tambi\u00e9n forman parte el senador Omar Fern\u00e1ndez, el diputado Tob\u00edas Crespo, el presidente de la Suprema Corte de Justicia, Luis Henry Molina, la secretaria del CNM, Nancy Salcedo, y el presidente del Tribunal Constitucional, Napole\u00f3n Est\u00e9vez.<\/p>\n\n\n\n<p class=\"wp-block-paragraph\">Con la reciente aprobaci\u00f3n de la Ley Org\u00e1nica 1-25, la elecci\u00f3n del procurador general se rige por los requisitos establecidos en la Constituci\u00f3n dominicana.<\/p>\n\n\n\n<p class=\"wp-block-paragraph\">El mandato del procurador general tiene una duraci\u00f3n m\u00e1xima de cuatro a\u00f1os, pero a los dos a\u00f1os debe someterse a una evaluaci\u00f3n de desempe\u00f1o para determinar si contin\u00faa en el cargo o es reemplazado.<\/p>\n\n\n\n<p class=\"wp-block-paragraph\">Yeni Berenice Reynoso asume este desaf\u00edo en un momento clave para la justicia en el pa\u00eds, con el compromiso de fortalecer el Estado de derecho y combatir la impunidad.<\/p>\n\n\n<blockquote class=\"twitter-tweet\" data-media-max-width=\"560\"><p lang=\"es\" dir=\"ltr\">Momento en que anuncian a Yeni Berenice como nueva titular de la PGR <a href=\"https:\/\/t.co\/XHHAL34kTZ\">pic.twitter.com\/XHHAL34kTZ<\/a><\/p>&mdash; N Digital (@nuriapiera) <a href=\"https:\/\/twitter.com\/nuriapiera\/status\/1893079706678796422?ref_src=twsrc%5Etfw\">February 21, 2025<\/a><\/blockquote> <script async src=\"https:\/\/platform.twitter.com\/widgets.js\" charset=\"utf-8\"><\/script>","protected":false},"excerpt":{"rendered":"<p>Yeni Berenice Reynoso fue designada como procuradora general de RD por el CNM, destac\u00e1ndose por su lucha contra la corrupci\u00f3n y el crimen organizado. En una decisi\u00f3n un\u00e1nime, el Consejo Nacional de la Magistratura (CNM) nombr\u00f3 a Yeni Berenice Reynoso como la nueva procuradora general de la Rep\u00fablica, en sustituci\u00f3n de Miriam Germ\u00e1n Brito. El [&hellip;]<\/p>\n","protected":false},"author":1,"featured_media":7560,"comment_status":"open","ping_status":"open","sticky":false,"template":"","format":"standard","meta":{"footnotes":""},"categories":[1],"tags":[],"class_list":["post-7559","post","type-post","status-publish","format-standard","has-post-thumbnail","hentry","category-uncategorized"],"_links":{"self":[{"href":"https:\/\/rr.unv-informacion.xyz\/index.php?rest_route=\/wp\/v2\/posts\/7559","targetHints":{"allow":["GET"]}}],"collection":[{"href":"https:\/\/rr.unv-informacion.xyz\/index.php?rest_route=\/wp\/v2\/posts"}],"about":[{"href":"https:\/\/rr.unv-informacion.xyz\/index.php?rest_route=\/wp\/v2\/types\/post"}],"author":[{"embeddable":true,"href":"https:\/\/rr.unv-informacion.xyz\/index.php?rest_route=\/wp\/v2\/users\/1"}],"replies":[{"embeddable":true,"href":"https:\/\/rr.unv-informacion.xyz\/index.php?rest_route=%2Fwp%2Fv2%2Fcomments&post=7559"}],"version-history":[{"count":1,"href":"https:\/\/rr.unv-informacion.xyz\/index.php?rest_route=\/wp\/v2\/posts\/7559\/revisions"}],"predecessor-version":[{"id":7561,"href":"https:\/\/rr.unv-informacion.xyz\/index.php?rest_route=\/wp\/v2\/posts\/7559\/revisions\/7561"}],"wp:featuredmedia":[{"embeddable":true,"href":"https:\/\/rr.unv-informacion.xyz\/index.php?rest_route=\/wp\/v2\/media\/7560"}],"wp:attachment":[{"href":"https:\/\/rr.unv-informacion.xyz\/index.php?rest_route=%2Fwp%2Fv2%2Fmedia&parent=7559"}],"wp:term":[{"taxonomy":"category","embeddable":true,"href":"https:\/\/rr.unv-informacion.xyz\/index.php?rest_route=%2Fwp%2Fv2%2Fcategories&post=7559"},{"taxonomy":"post_tag","embeddable":true,"href":"https:\/\/rr.unv-informacion.xyz\/index.php?rest_route=%2Fwp%2Fv2%2Ftags&post=7559"}],"curies":[{"name":"wp","href":"https:\/\/api.w.org\/{rel}","templated":true}]}}