{"id":7576,"date":"2025-02-25T18:44:24","date_gmt":"2025-02-25T18:44:24","guid":{"rendered":"https:\/\/rr.unv-informacion.xyz\/?p=7576"},"modified":"2025-02-25T18:44:25","modified_gmt":"2025-02-25T18:44:25","slug":"muerte-de-bebe-en-guarderia-deja-dudas-y-preocupacion","status":"publish","type":"post","link":"https:\/\/rr.unv-informacion.xyz\/?p=7576","title":{"rendered":"Muerte de beb\u00e9 en guarder\u00eda deja dudas y preocupaci\u00f3n"},"content":{"rendered":"\n<p class=\"wp-block-paragraph\">La muerte de Franyeli Elizabeth en una guarder\u00eda en Santo Domingo genera preguntas y expone la falta de supervisi\u00f3n en centros infantiles informales.<\/p>\n\n\n\n<p class=\"wp-block-paragraph\">SANTO DOMINGO. \u2013 Franyeli Elizabeth, de cuatro meses, era una ni\u00f1a muy esperada por sus padres. Su madre, Jhandys P\u00e9rez, hab\u00eda cre\u00eddo que no pod\u00eda volver a quedar embarazada debido a problemas de salud.<\/p>\n\n\n\n<p class=\"wp-block-paragraph\">\u00abYa despu\u00e9s de tanto tiempo, los m\u00e9dicos me hab\u00edan diagnosticado que no pod\u00eda tener hijos, ya que hab\u00eda tenido un embarazo ect\u00f3pico que da\u00f1\u00f3 una trompa y un ovario\u00bb, explic\u00f3 Jhandys.Tras unos meses de nacida, sus padres decidieron llevarla a la guarder\u00eda de Milagros L\u00f3pez Lucas, quien ya hab\u00eda cuidado a sus otros hijos. Sin embargo, el padre notaba que Franyeli siempre lloraba cuando la dejaban all\u00ed.<\/p>\n\n\n\n<p class=\"wp-block-paragraph\">\u00abMi esposo se dio cuenta del trato. La ni\u00f1a lloraba, eso hab\u00eda que verlo para creerlo\u00bb, cont\u00f3 Jhandys. El jueves 15 de febrero de 2024, el padre de Franyeli la llev\u00f3 nuevamente a la guarder\u00eda. Como de costumbre, su madre llam\u00f3 para saber de ella, pero Milagros no respondi\u00f3. Solo dej\u00f3 un mensaje de audio.<\/p>\n\n\n\n<p class=\"wp-block-paragraph\">A la 1:35 p. m., Jhandys fue a buscar a su hija. Al llegar, not\u00f3 que no la recibieron como de costumbre y sinti\u00f3 que algo andaba mal.<\/p>\n\n\n\n<p class=\"wp-block-paragraph\">\u00abElla ven\u00eda como queriendo llegar y no llegaba. Yo preguntaba por mi hija y me evad\u00eda\u00bb, record\u00f3 Jhandys entre l\u00e1grimas.<\/p>\n\n\n\n<p class=\"wp-block-paragraph\">Cuando Milagros entr\u00f3 a la casa y sali\u00f3, llevaba a la ni\u00f1a en brazos sin vida. \u00abToma, mira la ni\u00f1a muerta. Yo me qued\u00e9 dormida\u00bb, le dijo.<\/p>\n\n\n\n<p class=\"wp-block-paragraph\">Jhandys corri\u00f3 al hospital Dar\u00edo Contreras, pero ya era tarde. Los m\u00e9dicos informaron que los pulmones de la beb\u00e9 estaban llenos de leche y flema.<\/p>\n\n\n\n<p class=\"wp-block-paragraph\">\u00abCuando la vi, su cara estaba morada y dura. Le di respiraci\u00f3n boca a boca, pero no pude hacer nada\u00bb, lament\u00f3 la madre.<\/p>\n\n\n\n<p class=\"wp-block-paragraph\">El informe del Instituto Nacional de Ciencias Forenses (Inacif) determin\u00f3 que Franyeli falleci\u00f3 de manera natural por una afecci\u00f3n card\u00edaca.<\/p>\n\n\n\n<p class=\"wp-block-paragraph\">\u00abEl deceso se debi\u00f3 a miocardiopat\u00eda hipertr\u00f3fica, con hipertrofia del ventr\u00edculo izquierdo, falla card\u00edaca, edema pulmonar e insuficiencia respiratoria\u00bb, detall\u00f3 el informe.<\/p>\n\n\n\n<p class=\"wp-block-paragraph\">Tambi\u00e9n se descart\u00f3 la presencia de violencia f\u00edsica o qu\u00edmica contra la menor, confirmando que la causa de muerte fue una condici\u00f3n gen\u00e9tica.<\/p>\n\n\n\n<p class=\"wp-block-paragraph\">Sin embargo, Jhandys asegur\u00f3 que su hija nunca mostr\u00f3 signos de problemas card\u00edacos y era una beb\u00e9 sana y llena de vida.<\/p>\n\n\n\n<p class=\"wp-block-paragraph\">Tras la muerte de Franyeli, su familia qued\u00f3 con muchas preguntas sin respuesta. Adem\u00e1s, se evidenci\u00f3 la falta de supervisi\u00f3n en guarder\u00edas informales, ya que el Consejo Nacional para la Ni\u00f1ez y la Adolescencia (CONANI) no tiene un reglamento que garantice el control de estos centros.<\/p>\n\n\n\n<p class=\"wp-block-paragraph\">La situaci\u00f3n deja en riesgo a miles de ni\u00f1os en guarder\u00edas sin supervisi\u00f3n, pues sin un registro adecuado, es dif\u00edcil llevar casos como este ante la justicia.<\/p>\n\n\n\n<p class=\"wp-block-paragraph\">En el caso de Franyeli, no se investig\u00f3 a fondo, y Milagros L\u00f3pez Lucas nunca fue llamada a declarar. Su muerte qued\u00f3 en el olvido, dejando a su familia con un profundo dolor y la incertidumbre de cu\u00e1ntos casos similares podr\u00edan estar sin respuesta.<\/p>\n\n\n\n<figure class=\"wp-block-image size-large\"><img loading=\"lazy\" decoding=\"async\" width=\"1024\" height=\"575\" src=\"https:\/\/rr.unv-informacion.xyz\/wp-content\/uploads\/2025\/02\/WhatsApp-Image-2025-02-24-at-9.13.05-AM-1-1024x575.jpg\" alt=\"\" class=\"wp-image-7577\" srcset=\"https:\/\/rr.unv-informacion.xyz\/wp-content\/uploads\/2025\/02\/WhatsApp-Image-2025-02-24-at-9.13.05-AM-1-1024x575.jpg 1024w, https:\/\/rr.unv-informacion.xyz\/wp-content\/uploads\/2025\/02\/WhatsApp-Image-2025-02-24-at-9.13.05-AM-1-300x168.jpg 300w, https:\/\/rr.unv-informacion.xyz\/wp-content\/uploads\/2025\/02\/WhatsApp-Image-2025-02-24-at-9.13.05-AM-1-768x431.jpg 768w, https:\/\/rr.unv-informacion.xyz\/wp-content\/uploads\/2025\/02\/WhatsApp-Image-2025-02-24-at-9.13.05-AM-1-748x420.jpg 748w, https:\/\/rr.unv-informacion.xyz\/wp-content\/uploads\/2025\/02\/WhatsApp-Image-2025-02-24-at-9.13.05-AM-1-640x359.jpg 640w, https:\/\/rr.unv-informacion.xyz\/wp-content\/uploads\/2025\/02\/WhatsApp-Image-2025-02-24-at-9.13.05-AM-1-681x382.jpg 681w, https:\/\/rr.unv-informacion.xyz\/wp-content\/uploads\/2025\/02\/WhatsApp-Image-2025-02-24-at-9.13.05-AM-1.jpg 1030w\" sizes=\"auto, (max-width: 1024px) 100vw, 1024px\" \/><\/figure>\n\n\n\n<figure class=\"wp-block-image size-full\"><img loading=\"lazy\" decoding=\"async\" width=\"768\" height=\"1024\" src=\"https:\/\/rr.unv-informacion.xyz\/wp-content\/uploads\/2025\/02\/WhatsApp-Image-2025-02-24-at-9.28.23-AM-1-768x1024-1.jpg\" alt=\"\" class=\"wp-image-7578\" srcset=\"https:\/\/rr.unv-informacion.xyz\/wp-content\/uploads\/2025\/02\/WhatsApp-Image-2025-02-24-at-9.28.23-AM-1-768x1024-1.jpg 768w, https:\/\/rr.unv-informacion.xyz\/wp-content\/uploads\/2025\/02\/WhatsApp-Image-2025-02-24-at-9.28.23-AM-1-768x1024-1-225x300.jpg 225w, https:\/\/rr.unv-informacion.xyz\/wp-content\/uploads\/2025\/02\/WhatsApp-Image-2025-02-24-at-9.28.23-AM-1-768x1024-1-315x420.jpg 315w, https:\/\/rr.unv-informacion.xyz\/wp-content\/uploads\/2025\/02\/WhatsApp-Image-2025-02-24-at-9.28.23-AM-1-768x1024-1-640x853.jpg 640w, https:\/\/rr.unv-informacion.xyz\/wp-content\/uploads\/2025\/02\/WhatsApp-Image-2025-02-24-at-9.28.23-AM-1-768x1024-1-681x908.jpg 681w\" sizes=\"auto, (max-width: 768px) 100vw, 768px\" \/><\/figure>\n\n\n<iframe loading=\"lazy\" src=\"https:\/\/www.facebook.com\/plugins\/video.php?href=https%3A%2F%2Fwww.facebook.com%2Fwilfredo.rambal%2Fvideos%2F1581031659351608%2F%3Fref%3Dembed_video&#038;show_text=0&#038;width=269\" width=\"269\" height=\"476\" style=\"border:none;overflow:hidden\" scrolling=\"no\" frameborder=\"0\" allowfullscreen=\"true\" allow=\"autoplay; clipboard-write; encrypted-media; picture-in-picture; web-share\" allowFullScreen=\"true\"><\/iframe>\n\n<iframe loading=\"lazy\" src=\"https:\/\/www.facebook.com\/plugins\/video.php?href=https%3A%2F%2Fwww.facebook.com%2Framon.gonzalez.9275%2Fvideos%2F953905492875368%2F%3Fidorvanity%3D223768179584216%26ref%3Dembed_video&#038;show_text=0&#038;width=476\" width=\"476\" height=\"476\" style=\"border:none;overflow:hidden\" scrolling=\"no\" frameborder=\"0\" allowfullscreen=\"true\" allow=\"autoplay; clipboard-write; encrypted-media; picture-in-picture; web-share\" allowFullScreen=\"true\"><\/iframe>","protected":false},"excerpt":{"rendered":"<p>La muerte de Franyeli Elizabeth en una guarder\u00eda en Santo Domingo genera preguntas y expone la falta de supervisi\u00f3n en centros infantiles informales. SANTO DOMINGO. \u2013 Franyeli Elizabeth, de cuatro meses, era una ni\u00f1a muy esperada por sus padres. Su madre, Jhandys P\u00e9rez, hab\u00eda cre\u00eddo que no pod\u00eda volver a quedar embarazada debido a problemas [&hellip;]<\/p>\n","protected":false},"author":1,"featured_media":7577,"comment_status":"open","ping_status":"open","sticky":false,"template":"","format":"standard","meta":{"footnotes":""},"categories":[1],"tags":[],"class_list":["post-7576","post","type-post","status-publish","format-standard","has-post-thumbnail","hentry","category-uncategorized"],"_links":{"self":[{"href":"https:\/\/rr.unv-informacion.xyz\/index.php?rest_route=\/wp\/v2\/posts\/7576","targetHints":{"allow":["GET"]}}],"collection":[{"href":"https:\/\/rr.unv-informacion.xyz\/index.php?rest_route=\/wp\/v2\/posts"}],"about":[{"href":"https:\/\/rr.unv-informacion.xyz\/index.php?rest_route=\/wp\/v2\/types\/post"}],"author":[{"embeddable":true,"href":"https:\/\/rr.unv-informacion.xyz\/index.php?rest_route=\/wp\/v2\/users\/1"}],"replies":[{"embeddable":true,"href":"https:\/\/rr.unv-informacion.xyz\/index.php?rest_route=%2Fwp%2Fv2%2Fcomments&post=7576"}],"version-history":[{"count":1,"href":"https:\/\/rr.unv-informacion.xyz\/index.php?rest_route=\/wp\/v2\/posts\/7576\/revisions"}],"predecessor-version":[{"id":7579,"href":"https:\/\/rr.unv-informacion.xyz\/index.php?rest_route=\/wp\/v2\/posts\/7576\/revisions\/7579"}],"wp:featuredmedia":[{"embeddable":true,"href":"https:\/\/rr.unv-informacion.xyz\/index.php?rest_route=\/wp\/v2\/media\/7577"}],"wp:attachment":[{"href":"https:\/\/rr.unv-informacion.xyz\/index.php?rest_route=%2Fwp%2Fv2%2Fmedia&parent=7576"}],"wp:term":[{"taxonomy":"category","embeddable":true,"href":"https:\/\/rr.unv-informacion.xyz\/index.php?rest_route=%2Fwp%2Fv2%2Fcategories&post=7576"},{"taxonomy":"post_tag","embeddable":true,"href":"https:\/\/rr.unv-informacion.xyz\/index.php?rest_route=%2Fwp%2Fv2%2Ftags&post=7576"}],"curies":[{"name":"wp","href":"https:\/\/api.w.org\/{rel}","templated":true}]}}