{"id":7580,"date":"2025-02-25T18:48:49","date_gmt":"2025-02-25T18:48:49","guid":{"rendered":"https:\/\/rr.unv-informacion.xyz\/?p=7580"},"modified":"2025-02-25T18:48:50","modified_gmt":"2025-02-25T18:48:50","slug":"pena-para-francelys-maria-furcal-rodriguez-podria-no-superar-un-ano","status":"publish","type":"post","link":"https:\/\/rr.unv-informacion.xyz\/?p=7580","title":{"rendered":"Pena para Francelys Mar\u00eda Furcal Rodr\u00edguez podr\u00eda no superar un a\u00f1o"},"content":{"rendered":"\n<p class=\"wp-block-paragraph\">El abogado de Francelys Mar\u00eda Furcal Rodr\u00edguez, acusada de la muerte del comerciante chino Zongxin Chen, estima que la condena ser\u00e1 de seis meses a un a\u00f1o.<\/p>\n\n\n\n<p class=\"wp-block-paragraph\">SANTO DOMINGO.- Tom\u00e1s Castro, abogado de Francelys Mar\u00eda Furcal Rodr\u00edguez, procesada por la muerte del comerciante chino Zongxin Chen, afirm\u00f3 este lunes que la condena de su defendida no superar\u00e1 un a\u00f1o de prisi\u00f3n.<\/p>\n\n\n\n<p class=\"wp-block-paragraph\">El jurista argument\u00f3 que los jueces del Cuarto Tribunal Colegiado del Distrito Nacional deber\u00e1n considerar la \u00abexcusa de provocaci\u00f3n\u00bb en el fallo, ya que, seg\u00fan su versi\u00f3n, el occiso habr\u00eda incitado la agresi\u00f3n que termin\u00f3 en su fatal desenlace.<\/p>\n\n\n\n<p class=\"wp-block-paragraph\">\u201cLa decisi\u00f3n necesariamente deber\u00e1 acoger la excusa de la provocaci\u00f3n legal e imponer la pena m\u00ednima a nuestra defendida, que ser\u00e1 de seis meses a un a\u00f1o\u201d, expres\u00f3 Castro.<\/p>\n\n\n\n<p class=\"wp-block-paragraph\">El juicio, que se lleva a cabo a puertas cerradas, escuch\u00f3 este lunes a varios testigos del caso. La audiencia fue aplazada para ma\u00f1ana martes, cuando se espera que el proceso llegue a su fase final.<\/p>\n\n\n\n<p class=\"wp-block-paragraph\">Francelys Mar\u00eda es imputada por la muerte de Zongxin Chen, su jefe en una ferreter\u00eda del ensanche Gregorio Luper\u00f3n, el 21 de abril de 2021. Tras el suceso, huy\u00f3 del pa\u00eds y fue declarada pr\u00f3fuga hasta su captura en Espa\u00f1a.<\/p>\n\n\n\n<p class=\"wp-block-paragraph\">Im\u00e1genes del incidente muestran un altercado en el que Furcal Rodr\u00edguez lanza una libreta de facturas a Chen, quien responde golpe\u00e1ndola con la misma libreta y posteriormente le propina una patada, tras lo cual ella lo apu\u00f1ala en el est\u00f3mago.<\/p>\n\n\n\n<p class=\"wp-block-paragraph\">El Ministerio P\u00fablico acusa a Furcal Rodr\u00edguez de homicidio voluntario y uso de soporte falso, bajo los art\u00edculos 295 y 304, 153 y 154 del C\u00f3digo Penal Dominicano.<\/p>\n\n\n\n<figure class=\"wp-block-image size-full\"><img loading=\"lazy\" decoding=\"async\" width=\"800\" height=\"600\" src=\"https:\/\/rr.unv-informacion.xyz\/wp-content\/uploads\/2025\/02\/WhatsApp-Image-2025-02-24-at-5.12.51-PM-800x600-1.jpg\" alt=\"\" class=\"wp-image-7581\" srcset=\"https:\/\/rr.unv-informacion.xyz\/wp-content\/uploads\/2025\/02\/WhatsApp-Image-2025-02-24-at-5.12.51-PM-800x600-1.jpg 800w, https:\/\/rr.unv-informacion.xyz\/wp-content\/uploads\/2025\/02\/WhatsApp-Image-2025-02-24-at-5.12.51-PM-800x600-1-300x225.jpg 300w, https:\/\/rr.unv-informacion.xyz\/wp-content\/uploads\/2025\/02\/WhatsApp-Image-2025-02-24-at-5.12.51-PM-800x600-1-768x576.jpg 768w, https:\/\/rr.unv-informacion.xyz\/wp-content\/uploads\/2025\/02\/WhatsApp-Image-2025-02-24-at-5.12.51-PM-800x600-1-560x420.jpg 560w, https:\/\/rr.unv-informacion.xyz\/wp-content\/uploads\/2025\/02\/WhatsApp-Image-2025-02-24-at-5.12.51-PM-800x600-1-80x60.jpg 80w, https:\/\/rr.unv-informacion.xyz\/wp-content\/uploads\/2025\/02\/WhatsApp-Image-2025-02-24-at-5.12.51-PM-800x600-1-100x75.jpg 100w, https:\/\/rr.unv-informacion.xyz\/wp-content\/uploads\/2025\/02\/WhatsApp-Image-2025-02-24-at-5.12.51-PM-800x600-1-180x135.jpg 180w, https:\/\/rr.unv-informacion.xyz\/wp-content\/uploads\/2025\/02\/WhatsApp-Image-2025-02-24-at-5.12.51-PM-800x600-1-238x178.jpg 238w, https:\/\/rr.unv-informacion.xyz\/wp-content\/uploads\/2025\/02\/WhatsApp-Image-2025-02-24-at-5.12.51-PM-800x600-1-640x480.jpg 640w, https:\/\/rr.unv-informacion.xyz\/wp-content\/uploads\/2025\/02\/WhatsApp-Image-2025-02-24-at-5.12.51-PM-800x600-1-681x511.jpg 681w\" sizes=\"auto, (max-width: 800px) 100vw, 800px\" \/><\/figure>\n\n\n<iframe loading=\"lazy\" src=\"https:\/\/www.facebook.com\/plugins\/video.php?href=https%3A%2F%2Fwww.facebook.com%2Freel%2F1671006180497664%2F%3Fref%3Dembed_video&#038;show_text=0&#038;width=267\" width=\"267\" height=\"476\" style=\"border:none;overflow:hidden\" scrolling=\"no\" frameborder=\"0\" allowfullscreen=\"true\" allow=\"autoplay; clipboard-write; encrypted-media; picture-in-picture; web-share\" allowFullScreen=\"true\"><\/iframe>","protected":false},"excerpt":{"rendered":"<p>El abogado de Francelys Mar\u00eda Furcal Rodr\u00edguez, acusada de la muerte del comerciante chino Zongxin Chen, estima que la condena ser\u00e1 de seis meses a un a\u00f1o. SANTO DOMINGO.- Tom\u00e1s Castro, abogado de Francelys Mar\u00eda Furcal Rodr\u00edguez, procesada por la muerte del comerciante chino Zongxin Chen, afirm\u00f3 este lunes que la condena de su defendida [&hellip;]<\/p>\n","protected":false},"author":1,"featured_media":7582,"comment_status":"open","ping_status":"open","sticky":false,"template":"","format":"standard","meta":{"footnotes":""},"categories":[1],"tags":[],"class_list":["post-7580","post","type-post","status-publish","format-standard","has-post-thumbnail","hentry","category-uncategorized"],"_links":{"self":[{"href":"https:\/\/rr.unv-informacion.xyz\/index.php?rest_route=\/wp\/v2\/posts\/7580","targetHints":{"allow":["GET"]}}],"collection":[{"href":"https:\/\/rr.unv-informacion.xyz\/index.php?rest_route=\/wp\/v2\/posts"}],"about":[{"href":"https:\/\/rr.unv-informacion.xyz\/index.php?rest_route=\/wp\/v2\/types\/post"}],"author":[{"embeddable":true,"href":"https:\/\/rr.unv-informacion.xyz\/index.php?rest_route=\/wp\/v2\/users\/1"}],"replies":[{"embeddable":true,"href":"https:\/\/rr.unv-informacion.xyz\/index.php?rest_route=%2Fwp%2Fv2%2Fcomments&post=7580"}],"version-history":[{"count":1,"href":"https:\/\/rr.unv-informacion.xyz\/index.php?rest_route=\/wp\/v2\/posts\/7580\/revisions"}],"predecessor-version":[{"id":7583,"href":"https:\/\/rr.unv-informacion.xyz\/index.php?rest_route=\/wp\/v2\/posts\/7580\/revisions\/7583"}],"wp:featuredmedia":[{"embeddable":true,"href":"https:\/\/rr.unv-informacion.xyz\/index.php?rest_route=\/wp\/v2\/media\/7582"}],"wp:attachment":[{"href":"https:\/\/rr.unv-informacion.xyz\/index.php?rest_route=%2Fwp%2Fv2%2Fmedia&parent=7580"}],"wp:term":[{"taxonomy":"category","embeddable":true,"href":"https:\/\/rr.unv-informacion.xyz\/index.php?rest_route=%2Fwp%2Fv2%2Fcategories&post=7580"},{"taxonomy":"post_tag","embeddable":true,"href":"https:\/\/rr.unv-informacion.xyz\/index.php?rest_route=%2Fwp%2Fv2%2Ftags&post=7580"}],"curies":[{"name":"wp","href":"https:\/\/api.w.org\/{rel}","templated":true}]}}