{"id":7593,"date":"2025-02-26T15:28:35","date_gmt":"2025-02-26T15:28:35","guid":{"rendered":"https:\/\/rr.unv-informacion.xyz\/?p=7593"},"modified":"2025-02-26T15:28:36","modified_gmt":"2025-02-26T15:28:36","slug":"salcochao-habla-sobre-desaparicion-de-taxista-y-vinculacion-con-narcotrafico","status":"publish","type":"post","link":"https:\/\/rr.unv-informacion.xyz\/?p=7593","title":{"rendered":"Salcochao habla sobre desaparici\u00f3n de taxista y vinculaci\u00f3n con narcotr\u00e1fico"},"content":{"rendered":"\n<p class=\"wp-block-paragraph\">Juan Manuel Lantigua Veras, conocido como \u201cSalcochao\u201d, habl\u00f3 sobre la desaparici\u00f3n de Alfred Joel Fern\u00e1ndez, a quien vincul\u00f3 con actividades de narcotr\u00e1fico.<\/p>\n\n\n\n<p class=\"wp-block-paragraph\">En una entrevista telef\u00f3nica concedida al canal de YouTube DuoMedioRD, Juan Manuel Lantigua Veras, conocido como \u201cSalcochao\u201d y actualmente pr\u00f3fugo de la justicia, habl\u00f3 sobre la desaparici\u00f3n del taxista Alfred Joel Fern\u00e1ndez, de 33 a\u00f1os.<\/p>\n\n\n\n<p class=\"wp-block-paragraph\">Seg\u00fan Lantigua, Fern\u00e1ndez trabajaba con \u00e9l en la distribuci\u00f3n de sustancias il\u00edcitas. \u201cNosotros hac\u00edamos servicios, hac\u00edamos diligencias, buscar droga, buscar marihuana\u201d, asegur\u00f3 Lantigua Veras, explicando que su v\u00ednculo con Fern\u00e1ndez estaba relacionado exclusivamente con el narcotr\u00e1fico.<\/p>\n\n\n\n<p class=\"wp-block-paragraph\">Adem\u00e1s, subray\u00f3 que es reconocido como vendedor de drogas, pero no como asesino, por lo que se desvincul\u00f3 de la desaparici\u00f3n de Fern\u00e1ndez.<\/p>\n\n\n\n<p class=\"wp-block-paragraph\">Lantigua tambi\u00e9n revel\u00f3 que fiscales y polic\u00edas le habr\u00edan pedido un mill\u00f3n de pesos a cambio de garantizar su vida si decide entregarse. \u201cYo no me entrego porque no me han dado garant\u00edas\u201d, denunci\u00f3.<\/p>\n\n\n\n<p class=\"wp-block-paragraph\">En la misma conversaci\u00f3n, Lantigua confirm\u00f3 que Clara In\u00e9s S\u00e1nchez, tambi\u00e9n pr\u00f3fuga en este caso, es su esposa y que est\u00e1 embarazada de mellizos.<\/p>\n\n\n\n<p class=\"wp-block-paragraph\">Fern\u00e1ndez fue visto por \u00faltima vez la noche del 22 de enero cuando sali\u00f3 en su veh\u00edculo a ofrecer un servicio de taxi en Moca, provincia Espaillat. Su autom\u00f3vil fue encontrado abandonado al d\u00eda siguiente en una comunidad de Santiago, pero desde entonces no se sabe nada de su paradero.<\/p>\n\n\n\n<p class=\"wp-block-paragraph\">Las autoridades han emitido \u00f3rdenes de arresto contra Lantigua Veras, Clara In\u00e9s S\u00e1nchez y Julio Jos\u00e9 Vargas D\u00edaz, alias \u201c\u00d1aco\u00f1a\u201d o \u201cBulin\u201d, quienes son considerados peligrosos y se cree que est\u00e1n armados.<\/p>\n\n\n\n<p class=\"wp-block-paragraph\">La madre de Fern\u00e1ndez, Isidra Peralta, ha pedido ayuda desesperadamente, ofreciendo una recompensa por cualquier informaci\u00f3n que conduzca al paradero de su hijo. Mientras tanto, la comunidad de Moca sigue consternada, esperando respuestas en este caso que ha conmocionado la regi\u00f3n.<\/p>\n\n\n\n<figure class=\"wp-block-image size-large\"><img loading=\"lazy\" decoding=\"async\" width=\"819\" height=\"1024\" src=\"https:\/\/rr.unv-informacion.xyz\/wp-content\/uploads\/2025\/02\/481190478_18058359701485024_1491323221206832352_n-819x1024.jpg\" alt=\"\" class=\"wp-image-7594\" srcset=\"https:\/\/rr.unv-informacion.xyz\/wp-content\/uploads\/2025\/02\/481190478_18058359701485024_1491323221206832352_n-819x1024.jpg 819w, https:\/\/rr.unv-informacion.xyz\/wp-content\/uploads\/2025\/02\/481190478_18058359701485024_1491323221206832352_n-240x300.jpg 240w, https:\/\/rr.unv-informacion.xyz\/wp-content\/uploads\/2025\/02\/481190478_18058359701485024_1491323221206832352_n.jpg 1440w\" sizes=\"auto, (max-width: 819px) 100vw, 819px\" \/><\/figure>\n\n\n\n<figure class=\"wp-block-image size-full\"><img loading=\"lazy\" decoding=\"async\" width=\"382\" height=\"438\" src=\"https:\/\/rr.unv-informacion.xyz\/wp-content\/uploads\/2025\/02\/480739184_122127309920611442_6562430007804817581_n.jpg\" alt=\"\" class=\"wp-image-7595\" srcset=\"https:\/\/rr.unv-informacion.xyz\/wp-content\/uploads\/2025\/02\/480739184_122127309920611442_6562430007804817581_n.jpg 382w, https:\/\/rr.unv-informacion.xyz\/wp-content\/uploads\/2025\/02\/480739184_122127309920611442_6562430007804817581_n-262x300.jpg 262w, https:\/\/rr.unv-informacion.xyz\/wp-content\/uploads\/2025\/02\/480739184_122127309920611442_6562430007804817581_n-366x420.jpg 366w\" sizes=\"auto, (max-width: 382px) 100vw, 382px\" \/><\/figure>\n\n\n<iframe loading=\"lazy\" src=\"https:\/\/www.facebook.com\/plugins\/video.php?href=https%3A%2F%2Fwww.facebook.com%2Fedison.vargas.900%2Fvideos%2F1825388004888617%2F%3Fref%3Dembed_video&#038;show_text=0&#038;width=560\" width=\"560\" height=\"306\" style=\"border:none;overflow:hidden\" scrolling=\"no\" frameborder=\"0\" allowfullscreen=\"true\" allow=\"autoplay; clipboard-write; encrypted-media; picture-in-picture; web-share\" allowFullScreen=\"true\"><\/iframe>","protected":false},"excerpt":{"rendered":"<p>Juan Manuel Lantigua Veras, conocido como \u201cSalcochao\u201d, habl\u00f3 sobre la desaparici\u00f3n de Alfred Joel Fern\u00e1ndez, a quien vincul\u00f3 con actividades de narcotr\u00e1fico. En una entrevista telef\u00f3nica concedida al canal de YouTube DuoMedioRD, Juan Manuel Lantigua Veras, conocido como \u201cSalcochao\u201d y actualmente pr\u00f3fugo de la justicia, habl\u00f3 sobre la desaparici\u00f3n del taxista Alfred Joel Fern\u00e1ndez, de [&hellip;]<\/p>\n","protected":false},"author":1,"featured_media":7595,"comment_status":"open","ping_status":"open","sticky":false,"template":"","format":"standard","meta":{"footnotes":""},"categories":[1],"tags":[],"class_list":["post-7593","post","type-post","status-publish","format-standard","has-post-thumbnail","hentry","category-uncategorized"],"_links":{"self":[{"href":"https:\/\/rr.unv-informacion.xyz\/index.php?rest_route=\/wp\/v2\/posts\/7593","targetHints":{"allow":["GET"]}}],"collection":[{"href":"https:\/\/rr.unv-informacion.xyz\/index.php?rest_route=\/wp\/v2\/posts"}],"about":[{"href":"https:\/\/rr.unv-informacion.xyz\/index.php?rest_route=\/wp\/v2\/types\/post"}],"author":[{"embeddable":true,"href":"https:\/\/rr.unv-informacion.xyz\/index.php?rest_route=\/wp\/v2\/users\/1"}],"replies":[{"embeddable":true,"href":"https:\/\/rr.unv-informacion.xyz\/index.php?rest_route=%2Fwp%2Fv2%2Fcomments&post=7593"}],"version-history":[{"count":1,"href":"https:\/\/rr.unv-informacion.xyz\/index.php?rest_route=\/wp\/v2\/posts\/7593\/revisions"}],"predecessor-version":[{"id":7596,"href":"https:\/\/rr.unv-informacion.xyz\/index.php?rest_route=\/wp\/v2\/posts\/7593\/revisions\/7596"}],"wp:featuredmedia":[{"embeddable":true,"href":"https:\/\/rr.unv-informacion.xyz\/index.php?rest_route=\/wp\/v2\/media\/7595"}],"wp:attachment":[{"href":"https:\/\/rr.unv-informacion.xyz\/index.php?rest_route=%2Fwp%2Fv2%2Fmedia&parent=7593"}],"wp:term":[{"taxonomy":"category","embeddable":true,"href":"https:\/\/rr.unv-informacion.xyz\/index.php?rest_route=%2Fwp%2Fv2%2Fcategories&post=7593"},{"taxonomy":"post_tag","embeddable":true,"href":"https:\/\/rr.unv-informacion.xyz\/index.php?rest_route=%2Fwp%2Fv2%2Ftags&post=7593"}],"curies":[{"name":"wp","href":"https:\/\/api.w.org\/{rel}","templated":true}]}}