{"id":7600,"date":"2025-02-26T15:32:54","date_gmt":"2025-02-26T15:32:54","guid":{"rendered":"https:\/\/rr.unv-informacion.xyz\/?p=7600"},"modified":"2025-02-26T15:32:55","modified_gmt":"2025-02-26T15:32:55","slug":"abogados-de-chiquito-renuncian-a-su-defensa-en-apelacion","status":"publish","type":"post","link":"https:\/\/rr.unv-informacion.xyz\/?p=7600","title":{"rendered":"Abogados de \u201cChiquito\u201d renuncian a su defensa en apelaci\u00f3n"},"content":{"rendered":"\n<p class=\"wp-block-paragraph\">Abogados de Alison de Jes\u00fas \u201cChiquito\u201d renuncian a su defensa en apelaci\u00f3n tras divergencias en el caso de la muerte de Joshua Fern\u00e1ndez.<\/p>\n\n\n\n<p class=\"wp-block-paragraph\">SANTO DOMINGO.\u2013 Los abogados de Alison de Jes\u00fas, alias \u201cChiquito\u201d, quien fue condenado a 30 a\u00f1os de prisi\u00f3n por la muerte de Joshua Fern\u00e1ndez, renunciaron a su defensa este martes.<\/p>\n\n\n\n<p class=\"wp-block-paragraph\">Jaime Terrero y Julio Alberico Hern\u00e1ndez explicaron que la renuncia se debi\u00f3 a una divergencia ocurrida durante una audiencia de acci\u00f3n de amparo en la Cuarta Sala del Tribunal Unipersonal.<\/p>\n\n\n\n<p class=\"wp-block-paragraph\">Seg\u00fan indicaron, otro abogado se present\u00f3 sin su conocimiento ni consentimiento para representar a \u201cChiquito\u201d en la apelaci\u00f3n de su sentencia en la c\u00e1rcel Najayo Hombres, en San Crist\u00f3bal.<\/p>\n\n\n\n<p class=\"wp-block-paragraph\">Ambos juristas informaron que, junto con su renuncia, entregaron el expediente y el recurso de casaci\u00f3n interpuesto en el tiempo establecido ante la Secretar\u00eda General de la Segunda Sala de la C\u00e1mara Penal de la Corte de Apelaci\u00f3n del Distrito Nacional.<\/p>\n\n\n\n<p class=\"wp-block-paragraph\">Alison de Jes\u00fas fue condenado el 25 de enero de 2024 a 30 a\u00f1os de prisi\u00f3n tras ser encontrado culpable de homicidio voluntario. La v\u00edctima, Joshua Omar Fern\u00e1ndez, perdi\u00f3 la vida durante un atraco en las afueras de la discoteca Kiss Bar el 16 de abril de 2023.<\/p>\n\n\n\n<p class=\"wp-block-paragraph\">El Segundo Tribunal Colegiado del Distrito Nacional, conformado por las juezas Claribel Nivar Arias, Yissel Soto y Clara Sobeida Castillo, determin\u00f3 que el disparo realizado por \u201cChiquito\u201d durante el atraco fue el que caus\u00f3 la muerte de Fern\u00e1ndez. Tambi\u00e9n lo hallaron culpable de robo agravado, porte ilegal de arma de fuego y asociaci\u00f3n de malhechores.<\/p>\n\n\n\n<p class=\"wp-block-paragraph\">Por este caso, tambi\u00e9n fueron condenados Wesly Vicent Carmona (alias \u201cEl Dotolcito\u201d) a 15 a\u00f1os de prisi\u00f3n por robo agravado y asociaci\u00f3n de malhechores, y Luis Brito Troncoso (alias \u201cLuisito\u201d) a 20 a\u00f1os por robo agravado, uso ilegal de arma de fuego y asociaci\u00f3n de malhechores.<\/p>\n\n\n\n<figure class=\"wp-block-image size-full\"><img loading=\"lazy\" decoding=\"async\" width=\"560\" height=\"416\" src=\"https:\/\/rr.unv-informacion.xyz\/wp-content\/uploads\/2025\/02\/chiquitoooo.jpg\" alt=\"\" class=\"wp-image-7601\" srcset=\"https:\/\/rr.unv-informacion.xyz\/wp-content\/uploads\/2025\/02\/chiquitoooo.jpg 560w, https:\/\/rr.unv-informacion.xyz\/wp-content\/uploads\/2025\/02\/chiquitoooo-300x223.jpg 300w, https:\/\/rr.unv-informacion.xyz\/wp-content\/uploads\/2025\/02\/chiquitoooo-80x60.jpg 80w, https:\/\/rr.unv-informacion.xyz\/wp-content\/uploads\/2025\/02\/chiquitoooo-100x75.jpg 100w, https:\/\/rr.unv-informacion.xyz\/wp-content\/uploads\/2025\/02\/chiquitoooo-180x135.jpg 180w, https:\/\/rr.unv-informacion.xyz\/wp-content\/uploads\/2025\/02\/chiquitoooo-238x178.jpg 238w\" sizes=\"auto, (max-width: 560px) 100vw, 560px\" \/><\/figure>\n","protected":false},"excerpt":{"rendered":"<p>Abogados de Alison de Jes\u00fas \u201cChiquito\u201d renuncian a su defensa en apelaci\u00f3n tras divergencias en el caso de la muerte de Joshua Fern\u00e1ndez. SANTO DOMINGO.\u2013 Los abogados de Alison de Jes\u00fas, alias \u201cChiquito\u201d, quien fue condenado a 30 a\u00f1os de prisi\u00f3n por la muerte de Joshua Fern\u00e1ndez, renunciaron a su defensa este martes. Jaime Terrero [&hellip;]<\/p>\n","protected":false},"author":1,"featured_media":7601,"comment_status":"open","ping_status":"open","sticky":false,"template":"","format":"standard","meta":{"footnotes":""},"categories":[1],"tags":[],"class_list":["post-7600","post","type-post","status-publish","format-standard","has-post-thumbnail","hentry","category-uncategorized"],"_links":{"self":[{"href":"https:\/\/rr.unv-informacion.xyz\/index.php?rest_route=\/wp\/v2\/posts\/7600","targetHints":{"allow":["GET"]}}],"collection":[{"href":"https:\/\/rr.unv-informacion.xyz\/index.php?rest_route=\/wp\/v2\/posts"}],"about":[{"href":"https:\/\/rr.unv-informacion.xyz\/index.php?rest_route=\/wp\/v2\/types\/post"}],"author":[{"embeddable":true,"href":"https:\/\/rr.unv-informacion.xyz\/index.php?rest_route=\/wp\/v2\/users\/1"}],"replies":[{"embeddable":true,"href":"https:\/\/rr.unv-informacion.xyz\/index.php?rest_route=%2Fwp%2Fv2%2Fcomments&post=7600"}],"version-history":[{"count":1,"href":"https:\/\/rr.unv-informacion.xyz\/index.php?rest_route=\/wp\/v2\/posts\/7600\/revisions"}],"predecessor-version":[{"id":7602,"href":"https:\/\/rr.unv-informacion.xyz\/index.php?rest_route=\/wp\/v2\/posts\/7600\/revisions\/7602"}],"wp:featuredmedia":[{"embeddable":true,"href":"https:\/\/rr.unv-informacion.xyz\/index.php?rest_route=\/wp\/v2\/media\/7601"}],"wp:attachment":[{"href":"https:\/\/rr.unv-informacion.xyz\/index.php?rest_route=%2Fwp%2Fv2%2Fmedia&parent=7600"}],"wp:term":[{"taxonomy":"category","embeddable":true,"href":"https:\/\/rr.unv-informacion.xyz\/index.php?rest_route=%2Fwp%2Fv2%2Fcategories&post=7600"},{"taxonomy":"post_tag","embeddable":true,"href":"https:\/\/rr.unv-informacion.xyz\/index.php?rest_route=%2Fwp%2Fv2%2Ftags&post=7600"}],"curies":[{"name":"wp","href":"https:\/\/api.w.org\/{rel}","templated":true}]}}