{"id":7604,"date":"2025-02-27T18:34:45","date_gmt":"2025-02-27T18:34:45","guid":{"rendered":"https:\/\/rr.unv-informacion.xyz\/?p=7604"},"modified":"2025-02-27T18:34:45","modified_gmt":"2025-02-27T18:34:45","slug":"fallece-adolescente-herida-en-accidente-de-transito-en-puerto-plata","status":"publish","type":"post","link":"https:\/\/rr.unv-informacion.xyz\/?p=7604","title":{"rendered":"Fallece adolescente herida en accidente de tr\u00e1nsito en Puerto Plata"},"content":{"rendered":"\n<p class=\"wp-block-paragraph\">Yoseiry Mar\u00eda Almonte, de 15 a\u00f1os, fallece tras accidente en Montellano, Puerto Plata. Su abuelo muri\u00f3 en el acto al chocar en motocicleta.<\/p>\n\n\n\n<p class=\"wp-block-paragraph\">Lamentamos informar el fallecimiento de la adolescente que result\u00f3 herida en un accidente de tr\u00e1nsito la tarde del pasado martes en la carretera Montellano, Puerto Plata, en el tramo Los Altos de Los Ciruelos.<\/p>\n\n\n\n<p class=\"wp-block-paragraph\">Se trata de Yoseiry Mar\u00eda Almonte Artiles, de 15 a\u00f1os, quien perdi\u00f3 la vida la tarde de este mi\u00e9rcoles mientras recib\u00eda atenci\u00f3n m\u00e9dica en un centro de salud en Puerto Plata.<\/p>\n\n\n\n<p class=\"wp-block-paragraph\">La joven viajaba en motocicleta junto a su abuelo, el motoconchista Andr\u00e9s Artiles Marmolejos, quien falleci\u00f3 en el acto tras chocar contra un autom\u00f3vil.<\/p>\n\n\n\n<p class=\"wp-block-paragraph\">Enviamos nuestras m\u00e1s sinceras condolencias a su familia y seres queridos. Paz a su alma. A medida que se desarrollen las investigaciones respecto a este caso, se brindaran m\u00e1s detalles del mismo.<\/p>\n\n\n\n<figure class=\"wp-block-image size-full\"><img loading=\"lazy\" decoding=\"async\" width=\"526\" height=\"681\" src=\"https:\/\/rr.unv-informacion.xyz\/wp-content\/uploads\/2025\/02\/481710463_953998536822532_5168679693809221356_n.jpg\" alt=\"\" class=\"wp-image-7605\" srcset=\"https:\/\/rr.unv-informacion.xyz\/wp-content\/uploads\/2025\/02\/481710463_953998536822532_5168679693809221356_n.jpg 526w, https:\/\/rr.unv-informacion.xyz\/wp-content\/uploads\/2025\/02\/481710463_953998536822532_5168679693809221356_n-232x300.jpg 232w, https:\/\/rr.unv-informacion.xyz\/wp-content\/uploads\/2025\/02\/481710463_953998536822532_5168679693809221356_n-324x420.jpg 324w\" sizes=\"auto, (max-width: 526px) 100vw, 526px\" \/><\/figure>\n","protected":false},"excerpt":{"rendered":"<p>Yoseiry Mar\u00eda Almonte, de 15 a\u00f1os, fallece tras accidente en Montellano, Puerto Plata. Su abuelo muri\u00f3 en el acto al chocar en motocicleta. Lamentamos informar el fallecimiento de la adolescente que result\u00f3 herida en un accidente de tr\u00e1nsito la tarde del pasado martes en la carretera Montellano, Puerto Plata, en el tramo Los Altos de [&hellip;]<\/p>\n","protected":false},"author":1,"featured_media":7605,"comment_status":"open","ping_status":"open","sticky":false,"template":"","format":"standard","meta":{"footnotes":""},"categories":[1],"tags":[],"class_list":["post-7604","post","type-post","status-publish","format-standard","has-post-thumbnail","hentry","category-uncategorized"],"_links":{"self":[{"href":"https:\/\/rr.unv-informacion.xyz\/index.php?rest_route=\/wp\/v2\/posts\/7604","targetHints":{"allow":["GET"]}}],"collection":[{"href":"https:\/\/rr.unv-informacion.xyz\/index.php?rest_route=\/wp\/v2\/posts"}],"about":[{"href":"https:\/\/rr.unv-informacion.xyz\/index.php?rest_route=\/wp\/v2\/types\/post"}],"author":[{"embeddable":true,"href":"https:\/\/rr.unv-informacion.xyz\/index.php?rest_route=\/wp\/v2\/users\/1"}],"replies":[{"embeddable":true,"href":"https:\/\/rr.unv-informacion.xyz\/index.php?rest_route=%2Fwp%2Fv2%2Fcomments&post=7604"}],"version-history":[{"count":1,"href":"https:\/\/rr.unv-informacion.xyz\/index.php?rest_route=\/wp\/v2\/posts\/7604\/revisions"}],"predecessor-version":[{"id":7606,"href":"https:\/\/rr.unv-informacion.xyz\/index.php?rest_route=\/wp\/v2\/posts\/7604\/revisions\/7606"}],"wp:featuredmedia":[{"embeddable":true,"href":"https:\/\/rr.unv-informacion.xyz\/index.php?rest_route=\/wp\/v2\/media\/7605"}],"wp:attachment":[{"href":"https:\/\/rr.unv-informacion.xyz\/index.php?rest_route=%2Fwp%2Fv2%2Fmedia&parent=7604"}],"wp:term":[{"taxonomy":"category","embeddable":true,"href":"https:\/\/rr.unv-informacion.xyz\/index.php?rest_route=%2Fwp%2Fv2%2Fcategories&post=7604"},{"taxonomy":"post_tag","embeddable":true,"href":"https:\/\/rr.unv-informacion.xyz\/index.php?rest_route=%2Fwp%2Fv2%2Ftags&post=7604"}],"curies":[{"name":"wp","href":"https:\/\/api.w.org\/{rel}","templated":true}]}}