{"id":7617,"date":"2025-02-28T20:47:49","date_gmt":"2025-02-28T20:47:49","guid":{"rendered":"https:\/\/rr.unv-informacion.xyz\/?p=7617"},"modified":"2025-02-28T20:47:50","modified_gmt":"2025-02-28T20:47:50","slug":"tras-participar-en-desfile-en-san-pedro-de-macoris-adolescente-desaparece","status":"publish","type":"post","link":"https:\/\/rr.unv-informacion.xyz\/?p=7617","title":{"rendered":"Tras participar en desfile en San Pedro de Macor\u00eds adolescente desaparece"},"content":{"rendered":"\n<p class=\"wp-block-paragraph\">Una adolescente de 14 a\u00f1os se encuentra desaparecida desde ayer en San Pedro de Macor\u00eds tras participar en un desfile de marchas, mientras sus familiares piden ayuda a la comunidad para localizarla.<\/p>\n\n\n\n<p class=\"wp-block-paragraph\">Lisandra Mar\u00eda Javier fue vista por \u00faltima vez despu\u00e9s de culminar su participaci\u00f3n en el desfile de marchas celebrado en la ciudad. Desde entonces, sus padres no han tenido noticias sobre su paradero, lo que ha generado gran preocupaci\u00f3n.<\/p>\n\n\n\n<p class=\"wp-block-paragraph\">Los familiares de la menor, sumamente angustiados, han iniciado una campa\u00f1a de b\u00fasqueda en redes sociales y comunidades cercanas. Han solicitado la colaboraci\u00f3n de toda la ciudadan\u00eda para obtener cualquier informaci\u00f3n que pueda conducir a encontrar a la adolescente.<\/p>\n\n\n\n<p class=\"wp-block-paragraph\">Las autoridades ya han sido notificadas sobre la desaparici\u00f3n y se han iniciado los protocolos correspondientes para la b\u00fasqueda de personas desaparecidas en la provincia de San Pedro de Macor\u00eds.<\/p>\n\n\n\n<p class=\"wp-block-paragraph\">Si alguna persona tiene informaci\u00f3n sobre el paradero de Lisandra Mar\u00eda, puede comunicarse directamente con sus familiares al n\u00famero de tel\u00e9fono 809-678-2007. La familia agradece compartir esta informaci\u00f3n para lograr la pronta localizaci\u00f3n de la menor.<\/p>\n\n\n\n<figure class=\"wp-block-image size-full\"><img loading=\"lazy\" decoding=\"async\" width=\"526\" height=\"701\" src=\"https:\/\/rr.unv-informacion.xyz\/wp-content\/uploads\/2025\/02\/480780201_955186806703705_3312298442118859678_n.jpg\" alt=\"\" class=\"wp-image-7618\" srcset=\"https:\/\/rr.unv-informacion.xyz\/wp-content\/uploads\/2025\/02\/480780201_955186806703705_3312298442118859678_n.jpg 526w, https:\/\/rr.unv-informacion.xyz\/wp-content\/uploads\/2025\/02\/480780201_955186806703705_3312298442118859678_n-225x300.jpg 225w, https:\/\/rr.unv-informacion.xyz\/wp-content\/uploads\/2025\/02\/480780201_955186806703705_3312298442118859678_n-315x420.jpg 315w\" sizes=\"auto, (max-width: 526px) 100vw, 526px\" \/><\/figure>\n","protected":false},"excerpt":{"rendered":"<p>Una adolescente de 14 a\u00f1os se encuentra desaparecida desde ayer en San Pedro de Macor\u00eds tras participar en un desfile de marchas, mientras sus familiares piden ayuda a la comunidad para localizarla. Lisandra Mar\u00eda Javier fue vista por \u00faltima vez despu\u00e9s de culminar su participaci\u00f3n en el desfile de marchas celebrado en la ciudad. Desde [&hellip;]<\/p>\n","protected":false},"author":1,"featured_media":7618,"comment_status":"open","ping_status":"open","sticky":false,"template":"","format":"standard","meta":{"footnotes":""},"categories":[1],"tags":[],"class_list":["post-7617","post","type-post","status-publish","format-standard","has-post-thumbnail","hentry","category-uncategorized"],"_links":{"self":[{"href":"https:\/\/rr.unv-informacion.xyz\/index.php?rest_route=\/wp\/v2\/posts\/7617","targetHints":{"allow":["GET"]}}],"collection":[{"href":"https:\/\/rr.unv-informacion.xyz\/index.php?rest_route=\/wp\/v2\/posts"}],"about":[{"href":"https:\/\/rr.unv-informacion.xyz\/index.php?rest_route=\/wp\/v2\/types\/post"}],"author":[{"embeddable":true,"href":"https:\/\/rr.unv-informacion.xyz\/index.php?rest_route=\/wp\/v2\/users\/1"}],"replies":[{"embeddable":true,"href":"https:\/\/rr.unv-informacion.xyz\/index.php?rest_route=%2Fwp%2Fv2%2Fcomments&post=7617"}],"version-history":[{"count":1,"href":"https:\/\/rr.unv-informacion.xyz\/index.php?rest_route=\/wp\/v2\/posts\/7617\/revisions"}],"predecessor-version":[{"id":7619,"href":"https:\/\/rr.unv-informacion.xyz\/index.php?rest_route=\/wp\/v2\/posts\/7617\/revisions\/7619"}],"wp:featuredmedia":[{"embeddable":true,"href":"https:\/\/rr.unv-informacion.xyz\/index.php?rest_route=\/wp\/v2\/media\/7618"}],"wp:attachment":[{"href":"https:\/\/rr.unv-informacion.xyz\/index.php?rest_route=%2Fwp%2Fv2%2Fmedia&parent=7617"}],"wp:term":[{"taxonomy":"category","embeddable":true,"href":"https:\/\/rr.unv-informacion.xyz\/index.php?rest_route=%2Fwp%2Fv2%2Fcategories&post=7617"},{"taxonomy":"post_tag","embeddable":true,"href":"https:\/\/rr.unv-informacion.xyz\/index.php?rest_route=%2Fwp%2Fv2%2Ftags&post=7617"}],"curies":[{"name":"wp","href":"https:\/\/api.w.org\/{rel}","templated":true}]}}