{"id":7620,"date":"2025-02-28T20:50:59","date_gmt":"2025-02-28T20:50:59","guid":{"rendered":"https:\/\/rr.unv-informacion.xyz\/?p=7620"},"modified":"2025-02-28T20:51:00","modified_gmt":"2025-02-28T20:51:00","slug":"familia-busca-a-adolescente-desaparecida-en-santo-domingo-este","status":"publish","type":"post","link":"https:\/\/rr.unv-informacion.xyz\/?p=7620","title":{"rendered":"Familia busca a adolescente desaparecida en Santo Domingo Este"},"content":{"rendered":"\n<p class=\"wp-block-paragraph\">Abigail Vicente Mart\u00ednez, de 16 a\u00f1os, desapareci\u00f3 el 25 de febrero en Santo Domingo Este. Su familia pide ayuda para encontrarla.<\/p>\n\n\n\n<p class=\"wp-block-paragraph\">Familiares reportaron la desaparici\u00f3n de Abigail Vicente Mart\u00ednez, una adolescente de 16 a\u00f1os que fue vista por \u00faltima vez el martes 25 de febrero en Santo Domingo Este.<\/p>\n\n\n\n<p class=\"wp-block-paragraph\">Abigail, residente en el sector Valle Las Am\u00e9ricas, vest\u00eda un pantal\u00f3n negro, t-shirt blanco y crocs rosados al momento de su desaparici\u00f3n.<\/p>\n\n\n\n<p class=\"wp-block-paragraph\">Seg\u00fan su t\u00eda, Yolanda Ram\u00edrez, la joven sali\u00f3 de casa a las 7:40 p.m. para visitar a un primo que vive cerca. Sin embargo, a las 8:20 p.m., cuando preguntaron por ella, el primo inform\u00f3 que ya se hab\u00eda ido.<\/p>\n\n\n\n<p class=\"wp-block-paragraph\">Los familiares han denunciado el caso ante la Polic\u00eda Nacional y han realizado b\u00fasquedas en la zona, pero hasta el momento no han obtenido informaci\u00f3n sobre su paradero.<\/p>\n\n\n\n<p class=\"wp-block-paragraph\">Si alguien tiene informaci\u00f3n sobre Abigail, puede comunicarse con sus familiares a los n\u00fameros: 829-370-0895, (Yolanda Ram\u00edrez, t\u00eda), 809-873-6685 (Agripina Mart\u00ednez, madre). Seg\u00fan informaci\u00f3n, se presume que habr\u00eda sido encontrada, sin embargo, esta informaci\u00f3n no ha sido confirmada.<\/p>\n\n\n\n<figure class=\"wp-block-image size-full\"><img loading=\"lazy\" decoding=\"async\" width=\"720\" height=\"828\" src=\"https:\/\/rr.unv-informacion.xyz\/wp-content\/uploads\/2025\/02\/480314195_2132744177146568_8434964340466883697_n.jpg\" alt=\"\" class=\"wp-image-7621\" srcset=\"https:\/\/rr.unv-informacion.xyz\/wp-content\/uploads\/2025\/02\/480314195_2132744177146568_8434964340466883697_n.jpg 720w, https:\/\/rr.unv-informacion.xyz\/wp-content\/uploads\/2025\/02\/480314195_2132744177146568_8434964340466883697_n-261x300.jpg 261w, https:\/\/rr.unv-informacion.xyz\/wp-content\/uploads\/2025\/02\/480314195_2132744177146568_8434964340466883697_n-365x420.jpg 365w, https:\/\/rr.unv-informacion.xyz\/wp-content\/uploads\/2025\/02\/480314195_2132744177146568_8434964340466883697_n-640x736.jpg 640w, https:\/\/rr.unv-informacion.xyz\/wp-content\/uploads\/2025\/02\/480314195_2132744177146568_8434964340466883697_n-681x783.jpg 681w\" sizes=\"auto, (max-width: 720px) 100vw, 720px\" \/><\/figure>\n","protected":false},"excerpt":{"rendered":"<p>Abigail Vicente Mart\u00ednez, de 16 a\u00f1os, desapareci\u00f3 el 25 de febrero en Santo Domingo Este. Su familia pide ayuda para encontrarla. Familiares reportaron la desaparici\u00f3n de Abigail Vicente Mart\u00ednez, una adolescente de 16 a\u00f1os que fue vista por \u00faltima vez el martes 25 de febrero en Santo Domingo Este. Abigail, residente en el sector Valle [&hellip;]<\/p>\n","protected":false},"author":1,"featured_media":7621,"comment_status":"open","ping_status":"open","sticky":false,"template":"","format":"standard","meta":{"footnotes":""},"categories":[1],"tags":[],"class_list":["post-7620","post","type-post","status-publish","format-standard","has-post-thumbnail","hentry","category-uncategorized"],"_links":{"self":[{"href":"https:\/\/rr.unv-informacion.xyz\/index.php?rest_route=\/wp\/v2\/posts\/7620","targetHints":{"allow":["GET"]}}],"collection":[{"href":"https:\/\/rr.unv-informacion.xyz\/index.php?rest_route=\/wp\/v2\/posts"}],"about":[{"href":"https:\/\/rr.unv-informacion.xyz\/index.php?rest_route=\/wp\/v2\/types\/post"}],"author":[{"embeddable":true,"href":"https:\/\/rr.unv-informacion.xyz\/index.php?rest_route=\/wp\/v2\/users\/1"}],"replies":[{"embeddable":true,"href":"https:\/\/rr.unv-informacion.xyz\/index.php?rest_route=%2Fwp%2Fv2%2Fcomments&post=7620"}],"version-history":[{"count":1,"href":"https:\/\/rr.unv-informacion.xyz\/index.php?rest_route=\/wp\/v2\/posts\/7620\/revisions"}],"predecessor-version":[{"id":7622,"href":"https:\/\/rr.unv-informacion.xyz\/index.php?rest_route=\/wp\/v2\/posts\/7620\/revisions\/7622"}],"wp:featuredmedia":[{"embeddable":true,"href":"https:\/\/rr.unv-informacion.xyz\/index.php?rest_route=\/wp\/v2\/media\/7621"}],"wp:attachment":[{"href":"https:\/\/rr.unv-informacion.xyz\/index.php?rest_route=%2Fwp%2Fv2%2Fmedia&parent=7620"}],"wp:term":[{"taxonomy":"category","embeddable":true,"href":"https:\/\/rr.unv-informacion.xyz\/index.php?rest_route=%2Fwp%2Fv2%2Fcategories&post=7620"},{"taxonomy":"post_tag","embeddable":true,"href":"https:\/\/rr.unv-informacion.xyz\/index.php?rest_route=%2Fwp%2Fv2%2Ftags&post=7620"}],"curies":[{"name":"wp","href":"https:\/\/api.w.org\/{rel}","templated":true}]}}