{"id":7625,"date":"2025-03-02T18:49:48","date_gmt":"2025-03-02T18:49:48","guid":{"rendered":"https:\/\/rr.unv-informacion.xyz\/?p=7625"},"modified":"2025-03-02T18:49:49","modified_gmt":"2025-03-02T18:49:49","slug":"intensifican-busqueda-de-alfred-joel-fernandez","status":"publish","type":"post","link":"https:\/\/rr.unv-informacion.xyz\/?p=7625","title":{"rendered":"Intensifican b\u00fasqueda de Alfred Joel Fern\u00e1ndez"},"content":{"rendered":"\n<p class=\"wp-block-paragraph\">La Polic\u00eda intensifica la b\u00fasqueda del taxista Alfred Joel Fern\u00e1ndez, tras hallar su veh\u00edculo abandonado con sangre en Santiago. Se investigan los sospechosos.<\/p>\n\n\n\n<p class=\"wp-block-paragraph\">C\u00e1maras de seguridad captaron que el veh\u00edculo del taxista Alfred Joel Fern\u00e1ndez permaneci\u00f3 estacionado por m\u00e1s de tres horas cerca de la presa de Tavera, en La Vega, el d\u00eda de su desaparici\u00f3n, la noche del 22 de enero de 2025.<\/p>\n\n\n\n<p class=\"wp-block-paragraph\">Al d\u00eda siguiente, el autom\u00f3vil fue encontrado abandonado con manchas de sangre en el barrio Libertad, en Santiago.<\/p>\n\n\n\n<p class=\"wp-block-paragraph\">Por este motivo, este s\u00e1bado las autoridades aumentaron los esfuerzos en la b\u00fasqueda de Fern\u00e1ndez, quien resid\u00eda en Moca, provincia Espaillat, con un despliegue de agentes en la zona de la presa y otras \u00e1reas del Cibao.<\/p>\n\n\n\n<p class=\"wp-block-paragraph\">Miembros del equipo \u00e9lite de la Direcci\u00f3n Central de Investigaci\u00f3n (DICRIM), junto a unidades caninas, drones y personal de la Polic\u00eda Cient\u00edfica, est\u00e1n rastreando la zona en busca de pistas que puedan ayudar a esclarecer el paradero de Fern\u00e1ndez.<\/p>\n\n\n\n<p class=\"wp-block-paragraph\">\u00abHemos desplegado varias unidades especiales de investigaci\u00f3n con m\u00e1s de 100 agentes. Contamos con el apoyo del Sistema Nacional de Atenci\u00f3n a Emergencias y Seguridad 9-1-1, as\u00ed como de unidades caninas y personal de la Polic\u00eda Cient\u00edfica. Estamos redoblando esfuerzos en la b\u00fasqueda de este joven desaparecido. Queremos garantizar a la ciudadan\u00eda que no descansaremos hasta dar una respuesta efectiva\u00bb, dijo este s\u00e1bado el vocero de la Polic\u00eda Nacional, coronel Diego Pesqueira, en declaraciones exclusivas a Diario Libre.<\/p>\n\n\n\n<p class=\"wp-block-paragraph\">El coronel S\u00e1nchez, director de la unidad de homicidios del DICRIM, tambi\u00e9n subray\u00f3 que han duplicado los esfuerzos para encontrar al joven desaparecido y a los responsables del hecho. \u00abQue sepan que no quedar\u00e1 impune; ser\u00e1n apresados donde quiera que est\u00e9n\u00bb, afirm\u00f3.<\/p>\n\n\n\n<p class=\"wp-block-paragraph\">Las autoridades aseguraron que ofrecer\u00e1n m\u00e1s detalles del caso conforme avance el proceso de investigaci\u00f3n. En este caso, la Polic\u00eda busca a Clara In\u00e9s S\u00e1nchez, quien solicit\u00f3 el servicio de taxi a Alfred Joel Fern\u00e1ndez la noche de su desaparici\u00f3n.<\/p>\n\n\n\n<p class=\"wp-block-paragraph\">Adem\u00e1s, buscan a Juan Manuel Lantigua Veras, alias \u00abSalcochao\u00ab; Julio Jos\u00e9 Vargas D\u00edaz, conocido como \u00ab\u00d1aco\u00f1a\u00bb o \u00abBulin\u00ab, y \u00c1ngel Pascual Garc\u00eda V\u00e1squez, alias \u00ab\u00c1ngel Capucha\u00ab, se\u00f1alado como jefe de sicarios de una red de narcotr\u00e1fico.<\/p>\n\n\n<div style=\"position:relative;padding-bottom:56.25%;height:0;overflow:hidden;\">\n  <iframe src=\"https:\/\/geo.dailymotion.com\/player.html?video=x9ffajs\"\n    style=\"width:100%; height:100%; position:absolute; left:0px; top:0px; overflow:hidden; border:none;\"\n    allowfullscreen\n    title=\"Dailymotion Video Player\"\n    allow=\"web-share\">\n  <\/iframe>\n<\/div>\n\n<iframe loading=\"lazy\" src=\"https:\/\/www.facebook.com\/plugins\/video.php?href=https%3A%2F%2Fwww.facebook.com%2F61568767200056%2Fvideos%2F1334906730960613%2F%3Fref%3Dembed_video&#038;show_text=0&#038;width=357\" width=\"357\" height=\"476\" style=\"border:none;overflow:hidden\" scrolling=\"no\" frameborder=\"0\" allowfullscreen=\"true\" allow=\"autoplay; clipboard-write; encrypted-media; picture-in-picture; web-share\" allowFullScreen=\"true\"><\/iframe>","protected":false},"excerpt":{"rendered":"<p>La Polic\u00eda intensifica la b\u00fasqueda del taxista Alfred Joel Fern\u00e1ndez, tras hallar su veh\u00edculo abandonado con sangre en Santiago. Se investigan los sospechosos. C\u00e1maras de seguridad captaron que el veh\u00edculo del taxista Alfred Joel Fern\u00e1ndez permaneci\u00f3 estacionado por m\u00e1s de tres horas cerca de la presa de Tavera, en La Vega, el d\u00eda de su [&hellip;]<\/p>\n","protected":false},"author":1,"featured_media":7626,"comment_status":"open","ping_status":"open","sticky":false,"template":"","format":"standard","meta":{"footnotes":""},"categories":[1],"tags":[],"class_list":["post-7625","post","type-post","status-publish","format-standard","has-post-thumbnail","hentry","category-uncategorized"],"_links":{"self":[{"href":"https:\/\/rr.unv-informacion.xyz\/index.php?rest_route=\/wp\/v2\/posts\/7625","targetHints":{"allow":["GET"]}}],"collection":[{"href":"https:\/\/rr.unv-informacion.xyz\/index.php?rest_route=\/wp\/v2\/posts"}],"about":[{"href":"https:\/\/rr.unv-informacion.xyz\/index.php?rest_route=\/wp\/v2\/types\/post"}],"author":[{"embeddable":true,"href":"https:\/\/rr.unv-informacion.xyz\/index.php?rest_route=\/wp\/v2\/users\/1"}],"replies":[{"embeddable":true,"href":"https:\/\/rr.unv-informacion.xyz\/index.php?rest_route=%2Fwp%2Fv2%2Fcomments&post=7625"}],"version-history":[{"count":1,"href":"https:\/\/rr.unv-informacion.xyz\/index.php?rest_route=\/wp\/v2\/posts\/7625\/revisions"}],"predecessor-version":[{"id":7627,"href":"https:\/\/rr.unv-informacion.xyz\/index.php?rest_route=\/wp\/v2\/posts\/7625\/revisions\/7627"}],"wp:featuredmedia":[{"embeddable":true,"href":"https:\/\/rr.unv-informacion.xyz\/index.php?rest_route=\/wp\/v2\/media\/7626"}],"wp:attachment":[{"href":"https:\/\/rr.unv-informacion.xyz\/index.php?rest_route=%2Fwp%2Fv2%2Fmedia&parent=7625"}],"wp:term":[{"taxonomy":"category","embeddable":true,"href":"https:\/\/rr.unv-informacion.xyz\/index.php?rest_route=%2Fwp%2Fv2%2Fcategories&post=7625"},{"taxonomy":"post_tag","embeddable":true,"href":"https:\/\/rr.unv-informacion.xyz\/index.php?rest_route=%2Fwp%2Fv2%2Ftags&post=7625"}],"curies":[{"name":"wp","href":"https:\/\/api.w.org\/{rel}","templated":true}]}}