{"id":7632,"date":"2025-03-02T18:56:33","date_gmt":"2025-03-02T18:56:33","guid":{"rendered":"https:\/\/rr.unv-informacion.xyz\/?p=7632"},"modified":"2025-03-02T18:56:34","modified_gmt":"2025-03-02T18:56:34","slug":"carlos-jose-pena-jimenez-alias-la-boa-se-entrega-a-la-policia","status":"publish","type":"post","link":"https:\/\/rr.unv-informacion.xyz\/?p=7632","title":{"rendered":"Carlos Jos\u00e9 Pe\u00f1a Jim\u00e9nez, alias \u00abLa Boa\u00bb, se entrega a la Polic\u00eda"},"content":{"rendered":"\n<p class=\"wp-block-paragraph\">Carlos Jos\u00e9 Pe\u00f1a Jim\u00e9nez, alias \u00abLa Boa\u00bb, se entreg\u00f3 a la Polic\u00eda. Es investigado por la desaparici\u00f3n del taxista Alfred Joel Fern\u00e1ndez en Moca.<\/p>\n\n\n\n<p class=\"wp-block-paragraph\">Carlos Jos\u00e9 Pe\u00f1a Jim\u00e9nez, conocido como \u00abLa Boa\u00ab, decidi\u00f3 entregarse a las autoridades. Actualmente, est\u00e1 siendo investigado por su posible relaci\u00f3n con Juan Manuel Lantigua Veras, alias \u00abSalcochao\u00ab, en el caso de la desaparici\u00f3n del taxista Alfred Joel Fern\u00e1ndez en Moca.<\/p>\n\n\n\n<p class=\"wp-block-paragraph\">Mientras tanto, la Polic\u00eda contin\u00faa buscando a otros sospechosos y avanzando en las investigaciones para esclarecer el caso.<\/p>\n\n\n\n<p class=\"wp-block-paragraph\">Recordemos que la Polic\u00eda Nacional inform\u00f3 la tarde del s\u00e1bado que las c\u00e1maras de seguridad captaron el veh\u00edculo del taxista Alfred Joel Fern\u00e1ndez estacionado por m\u00e1s de tres horas cerca de la presa de Tavera, en La Vega, la noche del 22 de enero de 2025, cuando desapareci\u00f3.<\/p>\n\n\n\n<p class=\"wp-block-paragraph\">Al d\u00eda siguiente, el autom\u00f3vil fue hallado abandonado en el barrio Libertad, en Santiago, con manchas de sangre en su interior.<\/p>\n\n\n\n<p class=\"wp-block-paragraph\">Debido a esto, las autoridades intensificaron este s\u00e1bado la b\u00fasqueda de Fern\u00e1ndez, quien viv\u00eda en Moca, provincia Espaillat. Se desplegaron agentes en la zona de la presa y otras \u00e1reas del Cibao.<\/p>\n\n\n\n<p class=\"wp-block-paragraph\">Un equipo especial de la Direcci\u00f3n Central de Investigaci\u00f3n (DICRIM), junto a unidades caninas, drones y la Polic\u00eda Cient\u00edfica, rastrean la zona en busca de pistas que ayuden a encontrar a Fern\u00e1ndez.<\/p>\n\n\n\n<p class=\"wp-block-paragraph\">\u00abHemos desplegado varias unidades especiales de investigaci\u00f3n con m\u00e1s de 100 agentes. Contamos con el apoyo del Sistema Nacional de Atenci\u00f3n a Emergencias y Seguridad 9-1-1, as\u00ed como de unidades caninas y personal de la Polic\u00eda Cient\u00edfica. Estamos redoblando esfuerzos en la b\u00fasqueda de este joven desaparecido. Queremos garantizar a la ciudadan\u00eda que no descansaremos hasta dar una respuesta efectiva\u00bb, declar\u00f3 el vocero de la Polic\u00eda Nacional, coronel Diego Pesqueira, en exclusiva para Diario Libre.<\/p>\n\n\n\n<p class=\"wp-block-paragraph\">Por su parte, el coronel S\u00e1nchez, director de la unidad de homicidios del DICRIM, destac\u00f3 que los esfuerzos se han duplicado para encontrar al joven y a los responsables. \u00abQue sepan que no quedar\u00e1 impune; ser\u00e1n apresados donde quiera que est\u00e9n\u00bb, afirm\u00f3.<\/p>\n\n\n\n<p class=\"wp-block-paragraph\">Las autoridades informaron que seguir\u00e1n ofreciendo detalles conforme avancen las investigaciones. En este caso, la Polic\u00eda busca a Clara In\u00e9s S\u00e1nchez, quien solicit\u00f3 el servicio de taxi a Alfred Joel Fern\u00e1ndez la noche de su desaparici\u00f3n.<\/p>\n\n\n\n<p class=\"wp-block-paragraph\">Tambi\u00e9n est\u00e1n tras la pista de Juan Manuel Lantigua Veras, alias \u00abSalcochao\u00bb; Julio Jos\u00e9 Vargas D\u00edaz, conocido como \u00ab\u00d1aco\u00f1a\u00bb o \u00abBulin\u00bb, y \u00c1ngel Pascual Garc\u00eda V\u00e1squez, alias \u00ab\u00c1ngel Capucha\u00bb, se\u00f1alado como jefe de sicarios de una red de narcotr\u00e1fico.<\/p>\n\n\n<iframe loading=\"lazy\" src=\"https:\/\/www.facebook.com\/plugins\/video.php?href=https%3A%2F%2Fwww.facebook.com%2F100066694292932%2Fvideos%2F569032529506078%2F%3Fref%3Dembed_video&#038;show_text=0&#038;width=560\" width=\"560\" height=\"316\" style=\"border:none;overflow:hidden\" scrolling=\"no\" frameborder=\"0\" allowfullscreen=\"true\" allow=\"autoplay; clipboard-write; encrypted-media; picture-in-picture; web-share\" allowFullScreen=\"true\"><\/iframe>","protected":false},"excerpt":{"rendered":"<p>Carlos Jos\u00e9 Pe\u00f1a Jim\u00e9nez, alias \u00abLa Boa\u00bb, se entreg\u00f3 a la Polic\u00eda. Es investigado por la desaparici\u00f3n del taxista Alfred Joel Fern\u00e1ndez en Moca. Carlos Jos\u00e9 Pe\u00f1a Jim\u00e9nez, conocido como \u00abLa Boa\u00ab, decidi\u00f3 entregarse a las autoridades. Actualmente, est\u00e1 siendo investigado por su posible relaci\u00f3n con Juan Manuel Lantigua Veras, alias \u00abSalcochao\u00ab, en el caso [&hellip;]<\/p>\n","protected":false},"author":1,"featured_media":7633,"comment_status":"open","ping_status":"open","sticky":false,"template":"","format":"standard","meta":{"footnotes":""},"categories":[1],"tags":[],"class_list":["post-7632","post","type-post","status-publish","format-standard","has-post-thumbnail","hentry","category-uncategorized"],"_links":{"self":[{"href":"https:\/\/rr.unv-informacion.xyz\/index.php?rest_route=\/wp\/v2\/posts\/7632","targetHints":{"allow":["GET"]}}],"collection":[{"href":"https:\/\/rr.unv-informacion.xyz\/index.php?rest_route=\/wp\/v2\/posts"}],"about":[{"href":"https:\/\/rr.unv-informacion.xyz\/index.php?rest_route=\/wp\/v2\/types\/post"}],"author":[{"embeddable":true,"href":"https:\/\/rr.unv-informacion.xyz\/index.php?rest_route=\/wp\/v2\/users\/1"}],"replies":[{"embeddable":true,"href":"https:\/\/rr.unv-informacion.xyz\/index.php?rest_route=%2Fwp%2Fv2%2Fcomments&post=7632"}],"version-history":[{"count":1,"href":"https:\/\/rr.unv-informacion.xyz\/index.php?rest_route=\/wp\/v2\/posts\/7632\/revisions"}],"predecessor-version":[{"id":7634,"href":"https:\/\/rr.unv-informacion.xyz\/index.php?rest_route=\/wp\/v2\/posts\/7632\/revisions\/7634"}],"wp:featuredmedia":[{"embeddable":true,"href":"https:\/\/rr.unv-informacion.xyz\/index.php?rest_route=\/wp\/v2\/media\/7633"}],"wp:attachment":[{"href":"https:\/\/rr.unv-informacion.xyz\/index.php?rest_route=%2Fwp%2Fv2%2Fmedia&parent=7632"}],"wp:term":[{"taxonomy":"category","embeddable":true,"href":"https:\/\/rr.unv-informacion.xyz\/index.php?rest_route=%2Fwp%2Fv2%2Fcategories&post=7632"},{"taxonomy":"post_tag","embeddable":true,"href":"https:\/\/rr.unv-informacion.xyz\/index.php?rest_route=%2Fwp%2Fv2%2Ftags&post=7632"}],"curies":[{"name":"wp","href":"https:\/\/api.w.org\/{rel}","templated":true}]}}