{"id":7640,"date":"2025-03-03T17:28:41","date_gmt":"2025-03-03T17:28:41","guid":{"rendered":"https:\/\/rr.unv-informacion.xyz\/?p=7640"},"modified":"2025-03-03T17:28:42","modified_gmt":"2025-03-03T17:28:42","slug":"hallan-presunto-cuerpo-del-taxista-desaparecido-en-moca","status":"publish","type":"post","link":"https:\/\/rr.unv-informacion.xyz\/?p=7640","title":{"rendered":"Hallan presunto cuerpo del taxista desaparecido en Moca"},"content":{"rendered":"\n<p class=\"wp-block-paragraph\">Moca.- La ma\u00f1ana de este lunes fue hallado un cuerpo en estado de descomposici\u00f3n, en la comunidad de La Soledad, Moca, que presumen ser\u00eda de taxista Alfred Joel Fern\u00e1ndez, desparecido desde el pasado 23 de enero.<\/p>\n\n\n\n<p class=\"wp-block-paragraph\">La informaci\u00f3n fue confirmada por el doctor Norberto Polanco, m\u00e9dico legista actuante en el lugar, quien explic\u00f3 que por las caracter\u00edsticas de tama\u00f1o, ropa e identificaci\u00f3n de un familiar directo, indican que se tratar\u00eda de Alfred Joel.<\/p>\n\n\n\n<p class=\"wp-block-paragraph\">Hasta el momento, no se ha determinado la causa de muerte, por lo que el cuerpo ser\u00e1 trasladado al Instituto Nacional de Ciencias Forense (Inacif) para realizar las pruebas de lugar.<\/p>\n\n\n\n<p class=\"wp-block-paragraph\">La fiscal\u00eda a trav\u00e9s del equipo de inteligencia dieron con el paradero del cuerpo en estado de descomposici\u00f3n.<\/p>\n\n\n\n<p class=\"wp-block-paragraph\">El taxista de 33 a\u00f1os, fue visto por \u00faltima vez al salir a ofrecer un servicio de taxi a una clienta habitual que recog\u00eda en el aeropuerto. Poco despu\u00e9s, envi\u00f3 un mensaje de texto a su madre advirtiendo que estaba en peligro. Su veh\u00edculo fue hallado abandonado en Santiago con rastros de sangre.<\/p>\n\n\n\n<p class=\"wp-block-paragraph\">La Polic\u00eda Nacional despleg\u00f3 un equipo \u00e9lite de la Direcci\u00f3n Central de Investigaci\u00f3n (DICRIM) en los alrededores de la presa de Tavera, La Vega, y otras localidades de la provincia Espaillat en una intensa b\u00fasqueda que incluy\u00f3 m\u00e1s de 100 agentes, drones del Sistema de Atenci\u00f3n a Emergencias 911, unidades caninas y equipos especializados.<\/p>\n\n\n\n<p class=\"wp-block-paragraph\">Su madre ped\u00eda a las autoridades que aumentaran la b\u00fasqueda de su hijo, seg\u00fan el ministerio la informaci\u00f3n a trav\u00e9s de una persona an\u00f3nima dieron con el lugar, donde se encontraba el cuerpo.<\/p>\n\n\n\n<figure class=\"wp-block-embed is-type-video is-provider-youtube wp-block-embed-youtube wp-embed-aspect-16-9 wp-has-aspect-ratio\"><div class=\"wp-block-embed__wrapper\">\n<iframe loading=\"lazy\" title=\"Hallan cuerpo del taxista desparecido en Moca\" width=\"640\" height=\"360\" src=\"https:\/\/www.youtube.com\/embed\/2I6jhsRqgKE?feature=oembed\" frameborder=\"0\" allow=\"accelerometer; autoplay; clipboard-write; encrypted-media; gyroscope; picture-in-picture; web-share\" referrerpolicy=\"strict-origin-when-cross-origin\" allowfullscreen><\/iframe>\n<\/div><\/figure>\n","protected":false},"excerpt":{"rendered":"<p>Moca.- La ma\u00f1ana de este lunes fue hallado un cuerpo en estado de descomposici\u00f3n, en la comunidad de La Soledad, Moca, que presumen ser\u00eda de taxista Alfred Joel Fern\u00e1ndez, desparecido desde el pasado 23 de enero. La informaci\u00f3n fue confirmada por el doctor Norberto Polanco, m\u00e9dico legista actuante en el lugar, quien explic\u00f3 que por [&hellip;]<\/p>\n","protected":false},"author":1,"featured_media":7641,"comment_status":"open","ping_status":"open","sticky":false,"template":"","format":"standard","meta":{"footnotes":""},"categories":[1],"tags":[],"class_list":["post-7640","post","type-post","status-publish","format-standard","has-post-thumbnail","hentry","category-uncategorized"],"_links":{"self":[{"href":"https:\/\/rr.unv-informacion.xyz\/index.php?rest_route=\/wp\/v2\/posts\/7640","targetHints":{"allow":["GET"]}}],"collection":[{"href":"https:\/\/rr.unv-informacion.xyz\/index.php?rest_route=\/wp\/v2\/posts"}],"about":[{"href":"https:\/\/rr.unv-informacion.xyz\/index.php?rest_route=\/wp\/v2\/types\/post"}],"author":[{"embeddable":true,"href":"https:\/\/rr.unv-informacion.xyz\/index.php?rest_route=\/wp\/v2\/users\/1"}],"replies":[{"embeddable":true,"href":"https:\/\/rr.unv-informacion.xyz\/index.php?rest_route=%2Fwp%2Fv2%2Fcomments&post=7640"}],"version-history":[{"count":1,"href":"https:\/\/rr.unv-informacion.xyz\/index.php?rest_route=\/wp\/v2\/posts\/7640\/revisions"}],"predecessor-version":[{"id":7642,"href":"https:\/\/rr.unv-informacion.xyz\/index.php?rest_route=\/wp\/v2\/posts\/7640\/revisions\/7642"}],"wp:featuredmedia":[{"embeddable":true,"href":"https:\/\/rr.unv-informacion.xyz\/index.php?rest_route=\/wp\/v2\/media\/7641"}],"wp:attachment":[{"href":"https:\/\/rr.unv-informacion.xyz\/index.php?rest_route=%2Fwp%2Fv2%2Fmedia&parent=7640"}],"wp:term":[{"taxonomy":"category","embeddable":true,"href":"https:\/\/rr.unv-informacion.xyz\/index.php?rest_route=%2Fwp%2Fv2%2Fcategories&post=7640"},{"taxonomy":"post_tag","embeddable":true,"href":"https:\/\/rr.unv-informacion.xyz\/index.php?rest_route=%2Fwp%2Fv2%2Ftags&post=7640"}],"curies":[{"name":"wp","href":"https:\/\/api.w.org\/{rel}","templated":true}]}}