{"id":7643,"date":"2025-03-03T17:32:48","date_gmt":"2025-03-03T17:32:48","guid":{"rendered":"https:\/\/rr.unv-informacion.xyz\/?p=7643"},"modified":"2025-03-03T17:32:49","modified_gmt":"2025-03-03T17:32:49","slug":"ultiman-oficial-de-pn-en-sabana-perdida-mientras-ayudaba-a-familiares","status":"publish","type":"post","link":"https:\/\/rr.unv-informacion.xyz\/?p=7643","title":{"rendered":"Ultiman oficial de PN en Sabana Perdida mientras ayudaba a familiares"},"content":{"rendered":"\n<p class=\"wp-block-paragraph\">Un oficial de la Polic\u00eda Nacional fue asesinado en Sabana Perdida mientras ayudaba a unos familiares con su auto. La polic\u00eda investiga el crimen.<\/p>\n\n\n\n<p class=\"wp-block-paragraph\">La noche del s\u00e1bado 1 de marzo de 2025, alrededor de las 2:00 de la madrugada, personas desconocidas mataron al primer teniente de la Polic\u00eda Nacional, Joel Gonz\u00e1lez Lora.<\/p>\n\n\n\n<p class=\"wp-block-paragraph\">El oficial estaba ayudando a unos familiares que hab\u00edan tenido un problema con su veh\u00edculo en una calle solitaria del sector Sabana Perdida, en la provincia Santo Domingo.<\/p>\n\n\n\n<p class=\"wp-block-paragraph\">El teniente Joel Gonz\u00e1lez Lora trabajaba en el Palacio de Justicia de Ciudad Nueva como escolta de una juez. Era un polic\u00eda muy querido y respetuoso en su trabajo.<\/p>\n\n\n\n<p class=\"wp-block-paragraph\">Dos de las personas que el teniente estaba ayudando, quienes son miembros del Ej\u00e9rcito Nacional, tambi\u00e9n resultaron heridas durante el robo y se encuentran hospitalizadas en el Hospital Ney Arias Lora.<\/p>\n\n\n\n<p class=\"wp-block-paragraph\">Mientras tanto, al cuerpo del teniente se le est\u00e1 realizando la autopsia correspondiente y se espera que ma\u00f1ana lunes se entregue a sus familiares.<\/p>\n\n\n\n<p class=\"wp-block-paragraph\">La noticia de la muerte del oficial ha causado gran tristeza en el Palacio de Justicia de Ciudad Nueva, ya que era un hombre muy correcto y respetuoso.<\/p>\n\n\n\n<p class=\"wp-block-paragraph\">Desde temprano este s\u00e1bado, varios departamentos de la Polic\u00eda Nacional est\u00e1n buscando a los responsables del crimen.<\/p>\n\n\n<p><iframe loading=\"lazy\" src=\"https:\/\/www.facebook.com\/plugins\/video.php?href=https%3A%2F%2Fwww.facebook.com%2Fdomingo.munoz.549%2Fvideos%2F1692708368325721%2F%3Fref%3Dembed_video&#038;show_text=0&#038;width=560\" width=\"560\" height=\"316\" style=\"border:none;overflow:hidden\" scrolling=\"no\" frameborder=\"0\" allowfullscreen=\"true\" allow=\"autoplay; clipboard-write; encrypted-media; picture-in-picture; web-share\" allowFullScreen=\"true\"><\/iframe><\/p>\n<p><iframe loading=\"lazy\" src=\"https:\/\/www.facebook.com\/plugins\/video.php?href=https%3A%2F%2Fwww.facebook.com%2Fdomingo.munoz.549%2Fvideos%2F2132238157208792%2F%3Fref%3Dembed_video&#038;show_text=0&#038;width=560\" width=\"560\" height=\"316\" style=\"border:none;overflow:hidden\" scrolling=\"no\" frameborder=\"0\" allowfullscreen=\"true\" allow=\"autoplay; clipboard-write; encrypted-media; picture-in-picture; web-share\" allowFullScreen=\"true\"><\/iframe><\/p>\n\n\n<p class=\"wp-block-paragraph\"><a href=\"https:\/\/t.me\/nuevodiarioaldia\/11198\">IMAGEN FUERTE<\/a><\/p>\n","protected":false},"excerpt":{"rendered":"<p>Un oficial de la Polic\u00eda Nacional fue asesinado en Sabana Perdida mientras ayudaba a unos familiares con su auto. La polic\u00eda investiga el crimen. La noche del s\u00e1bado 1 de marzo de 2025, alrededor de las 2:00 de la madrugada, personas desconocidas mataron al primer teniente de la Polic\u00eda Nacional, Joel Gonz\u00e1lez Lora. El oficial [&hellip;]<\/p>\n","protected":false},"author":1,"featured_media":7644,"comment_status":"open","ping_status":"open","sticky":false,"template":"","format":"standard","meta":{"footnotes":""},"categories":[1],"tags":[],"class_list":["post-7643","post","type-post","status-publish","format-standard","has-post-thumbnail","hentry","category-uncategorized"],"_links":{"self":[{"href":"https:\/\/rr.unv-informacion.xyz\/index.php?rest_route=\/wp\/v2\/posts\/7643","targetHints":{"allow":["GET"]}}],"collection":[{"href":"https:\/\/rr.unv-informacion.xyz\/index.php?rest_route=\/wp\/v2\/posts"}],"about":[{"href":"https:\/\/rr.unv-informacion.xyz\/index.php?rest_route=\/wp\/v2\/types\/post"}],"author":[{"embeddable":true,"href":"https:\/\/rr.unv-informacion.xyz\/index.php?rest_route=\/wp\/v2\/users\/1"}],"replies":[{"embeddable":true,"href":"https:\/\/rr.unv-informacion.xyz\/index.php?rest_route=%2Fwp%2Fv2%2Fcomments&post=7643"}],"version-history":[{"count":1,"href":"https:\/\/rr.unv-informacion.xyz\/index.php?rest_route=\/wp\/v2\/posts\/7643\/revisions"}],"predecessor-version":[{"id":7645,"href":"https:\/\/rr.unv-informacion.xyz\/index.php?rest_route=\/wp\/v2\/posts\/7643\/revisions\/7645"}],"wp:featuredmedia":[{"embeddable":true,"href":"https:\/\/rr.unv-informacion.xyz\/index.php?rest_route=\/wp\/v2\/media\/7644"}],"wp:attachment":[{"href":"https:\/\/rr.unv-informacion.xyz\/index.php?rest_route=%2Fwp%2Fv2%2Fmedia&parent=7643"}],"wp:term":[{"taxonomy":"category","embeddable":true,"href":"https:\/\/rr.unv-informacion.xyz\/index.php?rest_route=%2Fwp%2Fv2%2Fcategories&post=7643"},{"taxonomy":"post_tag","embeddable":true,"href":"https:\/\/rr.unv-informacion.xyz\/index.php?rest_route=%2Fwp%2Fv2%2Ftags&post=7643"}],"curies":[{"name":"wp","href":"https:\/\/api.w.org\/{rel}","templated":true}]}}