{"id":7646,"date":"2025-03-03T17:37:47","date_gmt":"2025-03-03T17:37:47","guid":{"rendered":"https:\/\/rr.unv-informacion.xyz\/?p=7646"},"modified":"2025-03-03T17:37:49","modified_gmt":"2025-03-03T17:37:49","slug":"inacif-confirma-identidad-del-taxista-desaparecido-hallado-sin-vida-en-moca","status":"publish","type":"post","link":"https:\/\/rr.unv-informacion.xyz\/?p=7646","title":{"rendered":"INACIF confirma identidad del taxista desaparecido hallado sin vida en Moca"},"content":{"rendered":"\n<p class=\"wp-block-paragraph\">El Instituto Nacional de Ciencias Forenses confirm\u00f3 que el cuerpo en estado de descomposici\u00f3n encontrado en La Soledad corresponde al taxista reportado como desaparecido desde enero, mientras contin\u00faan las investigaciones sobre las causas de su muerte.<\/p>\n\n\n\n<p class=\"wp-block-paragraph\">El cad\u00e1ver de Alfred Joel Fern\u00e1ndez fue identificado inicialmente por un familiar cercano, quien reconoci\u00f3 las prendas de vestir que portaba al momento de su desaparici\u00f3n. El taxista hab\u00eda sido reportado como desaparecido desde el 22 de enero cuando sali\u00f3 a realizar un servicio en Moca.<\/p>\n\n\n\n<p class=\"wp-block-paragraph\">El doctor Norberto Polanco explic\u00f3 que aunque la identificaci\u00f3n preliminar fue realizada por reconocimiento de vestimenta debido al estado de descomposici\u00f3n, contin\u00faan los an\u00e1lisis forenses para determinar las circunstancias exactas del fallecimiento de la v\u00edctima.<\/p>\n\n\n\n<p class=\"wp-block-paragraph\">Durante los m\u00e1s de 40 d\u00edas de b\u00fasqueda, equipos especializados del Sistema de Atenci\u00f3n a Emergencias 911 utilizaron unidades caninas y tecnolog\u00eda avanzada para rastrear zonas de dif\u00edcil acceso en diferentes \u00e1reas de la provincia.<\/p>\n\n\n\n<p class=\"wp-block-paragraph\">Con esta confirmaci\u00f3n, la investigaci\u00f3n entra en una nueva fase mientras las autoridades buscan esclarecer los detalles del caso que ha conmocionado a la comunidad de Moca, especialmente entre los compa\u00f1eros taxistas que exigen justicia por su colega.<\/p>\n\n\n\n<figure class=\"wp-block-image size-large\"><img loading=\"lazy\" decoding=\"async\" width=\"1024\" height=\"768\" src=\"https:\/\/rr.unv-informacion.xyz\/wp-content\/uploads\/2025\/03\/a43b79bc-0e17-4c58-b8c7-dbf2b15a33e2-1024x768.jpg\" alt=\"\" class=\"wp-image-7647\" srcset=\"https:\/\/rr.unv-informacion.xyz\/wp-content\/uploads\/2025\/03\/a43b79bc-0e17-4c58-b8c7-dbf2b15a33e2-1024x768.jpg 1024w, https:\/\/rr.unv-informacion.xyz\/wp-content\/uploads\/2025\/03\/a43b79bc-0e17-4c58-b8c7-dbf2b15a33e2-300x225.jpg 300w, https:\/\/rr.unv-informacion.xyz\/wp-content\/uploads\/2025\/03\/a43b79bc-0e17-4c58-b8c7-dbf2b15a33e2.jpg 1600w\" sizes=\"auto, (max-width: 1024px) 100vw, 1024px\" \/><\/figure>\n\n\n\n<figure class=\"wp-block-image size-large\"><img loading=\"lazy\" decoding=\"async\" width=\"1024\" height=\"768\" src=\"https:\/\/rr.unv-informacion.xyz\/wp-content\/uploads\/2025\/03\/186ee687-0aaa-4fe9-b6dd-0b6ddf1777f0-1024x768.jpg\" alt=\"\" class=\"wp-image-7648\" srcset=\"https:\/\/rr.unv-informacion.xyz\/wp-content\/uploads\/2025\/03\/186ee687-0aaa-4fe9-b6dd-0b6ddf1777f0-1024x768.jpg 1024w, https:\/\/rr.unv-informacion.xyz\/wp-content\/uploads\/2025\/03\/186ee687-0aaa-4fe9-b6dd-0b6ddf1777f0-300x225.jpg 300w, https:\/\/rr.unv-informacion.xyz\/wp-content\/uploads\/2025\/03\/186ee687-0aaa-4fe9-b6dd-0b6ddf1777f0.jpg 1600w\" sizes=\"auto, (max-width: 1024px) 100vw, 1024px\" \/><\/figure>\n\n\n<p><iframe loading=\"lazy\" src=\"https:\/\/www.facebook.com\/plugins\/video.php?href=https%3A%2F%2Fwww.facebook.com%2F61561426113328%2Fvideos%2F943350377780032%2F%3Fref%3Dembed_video&#038;show_text=0&#038;width=476\" width=\"476\" height=\"476\" style=\"border:none;overflow:hidden\" scrolling=\"no\" frameborder=\"0\" allowfullscreen=\"true\" allow=\"autoplay; clipboard-write; encrypted-media; picture-in-picture; web-share\" allowFullScreen=\"true\"><\/iframe><\/p>\n\n\n<p class=\"wp-block-paragraph\"><a href=\"https:\/\/t.me\/nuevodiarioaldia\/11214\">VIDEO FUERTE<\/a><\/p>\n","protected":false},"excerpt":{"rendered":"<p>El Instituto Nacional de Ciencias Forenses confirm\u00f3 que el cuerpo en estado de descomposici\u00f3n encontrado en La Soledad corresponde al taxista reportado como desaparecido desde enero, mientras contin\u00faan las investigaciones sobre las causas de su muerte. El cad\u00e1ver de Alfred Joel Fern\u00e1ndez fue identificado inicialmente por un familiar cercano, quien reconoci\u00f3 las prendas de vestir [&hellip;]<\/p>\n","protected":false},"author":1,"featured_media":7647,"comment_status":"open","ping_status":"open","sticky":false,"template":"","format":"standard","meta":{"footnotes":""},"categories":[1],"tags":[],"class_list":["post-7646","post","type-post","status-publish","format-standard","has-post-thumbnail","hentry","category-uncategorized"],"_links":{"self":[{"href":"https:\/\/rr.unv-informacion.xyz\/index.php?rest_route=\/wp\/v2\/posts\/7646","targetHints":{"allow":["GET"]}}],"collection":[{"href":"https:\/\/rr.unv-informacion.xyz\/index.php?rest_route=\/wp\/v2\/posts"}],"about":[{"href":"https:\/\/rr.unv-informacion.xyz\/index.php?rest_route=\/wp\/v2\/types\/post"}],"author":[{"embeddable":true,"href":"https:\/\/rr.unv-informacion.xyz\/index.php?rest_route=\/wp\/v2\/users\/1"}],"replies":[{"embeddable":true,"href":"https:\/\/rr.unv-informacion.xyz\/index.php?rest_route=%2Fwp%2Fv2%2Fcomments&post=7646"}],"version-history":[{"count":1,"href":"https:\/\/rr.unv-informacion.xyz\/index.php?rest_route=\/wp\/v2\/posts\/7646\/revisions"}],"predecessor-version":[{"id":7649,"href":"https:\/\/rr.unv-informacion.xyz\/index.php?rest_route=\/wp\/v2\/posts\/7646\/revisions\/7649"}],"wp:featuredmedia":[{"embeddable":true,"href":"https:\/\/rr.unv-informacion.xyz\/index.php?rest_route=\/wp\/v2\/media\/7647"}],"wp:attachment":[{"href":"https:\/\/rr.unv-informacion.xyz\/index.php?rest_route=%2Fwp%2Fv2%2Fmedia&parent=7646"}],"wp:term":[{"taxonomy":"category","embeddable":true,"href":"https:\/\/rr.unv-informacion.xyz\/index.php?rest_route=%2Fwp%2Fv2%2Fcategories&post=7646"},{"taxonomy":"post_tag","embeddable":true,"href":"https:\/\/rr.unv-informacion.xyz\/index.php?rest_route=%2Fwp%2Fv2%2Ftags&post=7646"}],"curies":[{"name":"wp","href":"https:\/\/api.w.org\/{rel}","templated":true}]}}