{"id":7653,"date":"2025-03-04T16:04:13","date_gmt":"2025-03-04T16:04:13","guid":{"rendered":"https:\/\/rr.unv-informacion.xyz\/?p=7653"},"modified":"2025-03-04T16:04:14","modified_gmt":"2025-03-04T16:04:14","slug":"padrastro-de-zoe-saldana-defiende-su-identidad-dominicana","status":"publish","type":"post","link":"https:\/\/rr.unv-informacion.xyz\/?p=7653","title":{"rendered":"Padrastro de Zoe Salda\u00f1a defiende su identidad dominicana"},"content":{"rendered":"\n<p class=\"wp-block-paragraph\">Dagoberto Gal\u00e1n, padrastro de Zoe Salda\u00f1a, responde a cr\u00edticas sobre su identidad dominicana y destaca su fuerte v\u00ednculo con el pa\u00eds.<\/p>\n\n\n\n<p class=\"wp-block-paragraph\">Dagoberto Gal\u00e1n, padrastro de la actriz Zoe Salda\u00f1a, reaccion\u00f3 junto a su madre, Asalia Nazario, a los comentarios sobre su ascendencia dominicana.<\/p>\n\n\n\n<p class=\"wp-block-paragraph\">En una entrevista en El Despertador, Gal\u00e1n expres\u00f3 su molestia por las constantes dudas que surgen en redes sociales sobre si Zoe es o no dominicana.<\/p>\n\n\n\n<p class=\"wp-block-paragraph\">\u00abCada vez que puede, pasa una semana en su pa\u00eds. Ella come pl\u00e1tano, come arroz con habichuela\u2026 y, perd\u00f3n, voy a decir algo inapropiado, pero es lo que tanto molesta, eso de \u2018ascendencia\u2019. Es algo que realmente me incomoda\u00bb, afirm\u00f3 Gal\u00e1n.<\/p>\n\n\n\n<p class=\"wp-block-paragraph\">Este domingo, Zoe Salda\u00f1a hizo historia al convertirse en la primera estadounidense de origen dominicano en ganar un premio Oscar, llev\u00e1ndose el galard\u00f3n a Mejor Actriz de Reparto por su papel en la pel\u00edcula musical Emilia P\u00e9rez.<\/p>\n\n\n\n<p class=\"wp-block-paragraph\">Gal\u00e1n tambi\u00e9n critic\u00f3 el ambiente de las redes sociales, se\u00f1alando que muchas personas opinan sin informarse adecuadamente.<\/p>\n\n\n\n<p class=\"wp-block-paragraph\">\u00abLo que m\u00e1s me molesta de las redes sociales es que hay tantas personas opinando sin saber, diciendo cosas innecesarias y tecnicismos que realmente no aportan nada\u00bb, coment\u00f3.<\/p>\n\n\n\n<p class=\"wp-block-paragraph\">Adem\u00e1s, explic\u00f3 que, seg\u00fan la Constituci\u00f3n Dominicana, cualquier persona nacida de padre o madre dominicanos es autom\u00e1ticamente dominicana, sin importar su lugar de nacimiento.<\/p>\n\n\n\n<p class=\"wp-block-paragraph\">\u00abSi nos vamos a definir como norteamericana con ascendencia, se\u00f1ores, la Constituci\u00f3n Dominicana establece que si un ser humano nace de un padre o madre dominicanos, cualquiera de los dos, autom\u00e1ticamente es dominicano\u00bb, detall\u00f3.<\/p>\n\n\n\n<p class=\"wp-block-paragraph\">Gal\u00e1n destac\u00f3 que tanto el padre biol\u00f3gico de Zoe, Aridio Salda\u00f1a, como su madre, Asalia Nazario, son dominicanos: \u00abUno naci\u00f3 en Cotu\u00ed y el otro en la capital. Por lo tanto, Zoe es dominicana, no \u2018americana\u2019.<\/p>\n\n\n\n<p class=\"wp-block-paragraph\">Ella tiene su c\u00e9dula dominicana, se form\u00f3 en un colegio llamado \u2018Mi Colegio\u2019 y estudi\u00f3 danza moderna en la academia Ritmo\u00bb, asegur\u00f3.<\/p>\n\n\n\n<p class=\"wp-block-paragraph\">Tambi\u00e9n record\u00f3 que Zoe Salda\u00f1a siempre visita Rep\u00fablica Dominicana cuando tiene oportunidad. Por \u00faltimo, Gal\u00e1n resalt\u00f3 que lo m\u00e1s importante es el fuerte lazo que la actriz mantiene con el pa\u00eds y c\u00f3mo esto se refleja en su vida. \u00abNo hay duda de que Zoe es una dominicana de coraz\u00f3n\u00bb, concluy\u00f3.<\/p>\n\n\n\n<figure class=\"wp-block-embed is-type-video is-provider-youtube wp-block-embed-youtube wp-embed-aspect-16-9 wp-has-aspect-ratio\"><div class=\"wp-block-embed__wrapper\">\n<iframe loading=\"lazy\" title=\"Exclusiva: Padres de Zoe dicen &quot;ella es dominicana, que es lo que tanto molestan, ella come pl\u00e1tano&quot;\" width=\"640\" height=\"360\" src=\"https:\/\/www.youtube.com\/embed\/nJ0CvqvihPw?feature=oembed\" frameborder=\"0\" allow=\"accelerometer; autoplay; clipboard-write; encrypted-media; gyroscope; picture-in-picture; web-share\" referrerpolicy=\"strict-origin-when-cross-origin\" allowfullscreen><\/iframe>\n<\/div><\/figure>\n","protected":false},"excerpt":{"rendered":"<p>Dagoberto Gal\u00e1n, padrastro de Zoe Salda\u00f1a, responde a cr\u00edticas sobre su identidad dominicana y destaca su fuerte v\u00ednculo con el pa\u00eds. Dagoberto Gal\u00e1n, padrastro de la actriz Zoe Salda\u00f1a, reaccion\u00f3 junto a su madre, Asalia Nazario, a los comentarios sobre su ascendencia dominicana. En una entrevista en El Despertador, Gal\u00e1n expres\u00f3 su molestia por las [&hellip;]<\/p>\n","protected":false},"author":1,"featured_media":7654,"comment_status":"open","ping_status":"open","sticky":false,"template":"","format":"standard","meta":{"footnotes":""},"categories":[1],"tags":[],"class_list":["post-7653","post","type-post","status-publish","format-standard","has-post-thumbnail","hentry","category-uncategorized"],"_links":{"self":[{"href":"https:\/\/rr.unv-informacion.xyz\/index.php?rest_route=\/wp\/v2\/posts\/7653","targetHints":{"allow":["GET"]}}],"collection":[{"href":"https:\/\/rr.unv-informacion.xyz\/index.php?rest_route=\/wp\/v2\/posts"}],"about":[{"href":"https:\/\/rr.unv-informacion.xyz\/index.php?rest_route=\/wp\/v2\/types\/post"}],"author":[{"embeddable":true,"href":"https:\/\/rr.unv-informacion.xyz\/index.php?rest_route=\/wp\/v2\/users\/1"}],"replies":[{"embeddable":true,"href":"https:\/\/rr.unv-informacion.xyz\/index.php?rest_route=%2Fwp%2Fv2%2Fcomments&post=7653"}],"version-history":[{"count":1,"href":"https:\/\/rr.unv-informacion.xyz\/index.php?rest_route=\/wp\/v2\/posts\/7653\/revisions"}],"predecessor-version":[{"id":7655,"href":"https:\/\/rr.unv-informacion.xyz\/index.php?rest_route=\/wp\/v2\/posts\/7653\/revisions\/7655"}],"wp:featuredmedia":[{"embeddable":true,"href":"https:\/\/rr.unv-informacion.xyz\/index.php?rest_route=\/wp\/v2\/media\/7654"}],"wp:attachment":[{"href":"https:\/\/rr.unv-informacion.xyz\/index.php?rest_route=%2Fwp%2Fv2%2Fmedia&parent=7653"}],"wp:term":[{"taxonomy":"category","embeddable":true,"href":"https:\/\/rr.unv-informacion.xyz\/index.php?rest_route=%2Fwp%2Fv2%2Fcategories&post=7653"},{"taxonomy":"post_tag","embeddable":true,"href":"https:\/\/rr.unv-informacion.xyz\/index.php?rest_route=%2Fwp%2Fv2%2Ftags&post=7653"}],"curies":[{"name":"wp","href":"https:\/\/api.w.org\/{rel}","templated":true}]}}