{"id":7656,"date":"2025-03-04T16:06:18","date_gmt":"2025-03-04T16:06:18","guid":{"rendered":"https:\/\/rr.unv-informacion.xyz\/?p=7656"},"modified":"2025-03-04T16:06:19","modified_gmt":"2025-03-04T16:06:19","slug":"buscan-a-tres-adolescentes-desaparecidas-en-carnaval-de-santiago","status":"publish","type":"post","link":"https:\/\/rr.unv-informacion.xyz\/?p=7656","title":{"rendered":"Buscan a tres adolescentes desaparecidas en carnaval de Santiago"},"content":{"rendered":"\n<p class=\"wp-block-paragraph\">Tres adolescentes de 12, 14 y 15 a\u00f1os desaparecieron tras asistir al carnaval en Santiago. Familiares piden ayuda para encontrarlas.<\/p>\n\n\n\n<p class=\"wp-block-paragraph\">Familiares y amigos buscan con urgencia a tres adolescentes de 12, 14 y 15 a\u00f1os que salieron ayer a disfrutar del carnaval en Santiago y a\u00fan no han regresado a sus hogares.<\/p>\n\n\n\n<p class=\"wp-block-paragraph\">Las j\u00f3venes, residentes en Los Cocos de Jacagua, fueron vistas por \u00faltima vez en el evento, y desde entonces no se ha sabido nada de ellas.<\/p>\n\n\n\n<p class=\"wp-block-paragraph\">Si alguien tiene informaci\u00f3n sobre su paradero, se ruega comunicarse al n\u00famero: (809) 397-3106. Se insta a mantenerse atentos para futuras actualizaciones sobre este caso.<\/p>\n\n\n\n<figure class=\"wp-block-image size-large\"><img loading=\"lazy\" decoding=\"async\" width=\"741\" height=\"1024\" src=\"https:\/\/rr.unv-informacion.xyz\/wp-content\/uploads\/2025\/03\/481263956_1252534976229064_802546810773810089_n-741x1024.jpg\" alt=\"\" class=\"wp-image-7657\" srcset=\"https:\/\/rr.unv-informacion.xyz\/wp-content\/uploads\/2025\/03\/481263956_1252534976229064_802546810773810089_n-741x1024.jpg 741w, https:\/\/rr.unv-informacion.xyz\/wp-content\/uploads\/2025\/03\/481263956_1252534976229064_802546810773810089_n-217x300.jpg 217w, https:\/\/rr.unv-informacion.xyz\/wp-content\/uploads\/2025\/03\/481263956_1252534976229064_802546810773810089_n-768x1061.jpg 768w, https:\/\/rr.unv-informacion.xyz\/wp-content\/uploads\/2025\/03\/481263956_1252534976229064_802546810773810089_n.jpg 1125w\" sizes=\"auto, (max-width: 741px) 100vw, 741px\" \/><\/figure>\n","protected":false},"excerpt":{"rendered":"<p>Tres adolescentes de 12, 14 y 15 a\u00f1os desaparecieron tras asistir al carnaval en Santiago. Familiares piden ayuda para encontrarlas. Familiares y amigos buscan con urgencia a tres adolescentes de 12, 14 y 15 a\u00f1os que salieron ayer a disfrutar del carnaval en Santiago y a\u00fan no han regresado a sus hogares. Las j\u00f3venes, residentes [&hellip;]<\/p>\n","protected":false},"author":1,"featured_media":7657,"comment_status":"open","ping_status":"open","sticky":false,"template":"","format":"standard","meta":{"footnotes":""},"categories":[1],"tags":[],"class_list":["post-7656","post","type-post","status-publish","format-standard","has-post-thumbnail","hentry","category-uncategorized"],"_links":{"self":[{"href":"https:\/\/rr.unv-informacion.xyz\/index.php?rest_route=\/wp\/v2\/posts\/7656","targetHints":{"allow":["GET"]}}],"collection":[{"href":"https:\/\/rr.unv-informacion.xyz\/index.php?rest_route=\/wp\/v2\/posts"}],"about":[{"href":"https:\/\/rr.unv-informacion.xyz\/index.php?rest_route=\/wp\/v2\/types\/post"}],"author":[{"embeddable":true,"href":"https:\/\/rr.unv-informacion.xyz\/index.php?rest_route=\/wp\/v2\/users\/1"}],"replies":[{"embeddable":true,"href":"https:\/\/rr.unv-informacion.xyz\/index.php?rest_route=%2Fwp%2Fv2%2Fcomments&post=7656"}],"version-history":[{"count":1,"href":"https:\/\/rr.unv-informacion.xyz\/index.php?rest_route=\/wp\/v2\/posts\/7656\/revisions"}],"predecessor-version":[{"id":7658,"href":"https:\/\/rr.unv-informacion.xyz\/index.php?rest_route=\/wp\/v2\/posts\/7656\/revisions\/7658"}],"wp:featuredmedia":[{"embeddable":true,"href":"https:\/\/rr.unv-informacion.xyz\/index.php?rest_route=\/wp\/v2\/media\/7657"}],"wp:attachment":[{"href":"https:\/\/rr.unv-informacion.xyz\/index.php?rest_route=%2Fwp%2Fv2%2Fmedia&parent=7656"}],"wp:term":[{"taxonomy":"category","embeddable":true,"href":"https:\/\/rr.unv-informacion.xyz\/index.php?rest_route=%2Fwp%2Fv2%2Fcategories&post=7656"},{"taxonomy":"post_tag","embeddable":true,"href":"https:\/\/rr.unv-informacion.xyz\/index.php?rest_route=%2Fwp%2Fv2%2Ftags&post=7656"}],"curies":[{"name":"wp","href":"https:\/\/api.w.org\/{rel}","templated":true}]}}