{"id":7659,"date":"2025-03-04T16:11:20","date_gmt":"2025-03-04T16:11:20","guid":{"rendered":"https:\/\/rr.unv-informacion.xyz\/?p=7659"},"modified":"2025-03-04T16:11:22","modified_gmt":"2025-03-04T16:11:22","slug":"apresan-joven-confeso-su-participacion-en-el-caso-del-taxista-alfred-joel-fernandez","status":"publish","type":"post","link":"https:\/\/rr.unv-informacion.xyz\/?p=7659","title":{"rendered":"Apresan joven confes\u00f3 su participaci\u00f3n en el caso del taxista Alfred Joel Fern\u00e1ndez"},"content":{"rendered":"\n<p class=\"wp-block-paragraph\">Oscar Jos\u00e9 Ure\u00f1a alias \u00abBoca\u00bb confiesa su participaci\u00f3n en el crimen del taxista Alfred Joel Fern\u00e1ndez, cuyo cuerpo fue encontrado en Moca.<\/p>\n\n\n\n<p class=\"wp-block-paragraph\">Recientemente, un joven identificado como Oscar Jos\u00e9 Ure\u00f1a, alias \u00abBoca\u00bb, fue apresado por el Dicrim en Moca, acusado de estar involucrado en el asesinato del taxista Alfred Joel Fern\u00e1ndez, quien hab\u00eda estado desaparecido desde el 22 de enero.<\/p>\n\n\n\n<p class=\"wp-block-paragraph\">Seg\u00fan las autoridades, Ure\u00f1a llev\u00f3 a la Polic\u00eda Nacional al lugar donde fue hallado el cad\u00e1ver del joven taxista. En su declaraci\u00f3n, el detenido confes\u00f3 ser c\u00f3mplice del crimen, diciendo: \u00abS\u00ed, yo fui a llevarle un cuchillo cuando me llamaron\u00ab.<\/p>\n\n\n\n<p class=\"wp-block-paragraph\">Aunque inicialmente neg\u00f3 cualquier implicaci\u00f3n, Ure\u00f1a r\u00e1pidamente revel\u00f3 los detalles del hecho, colaborando con la investigaci\u00f3n en curso.<\/p>\n\n\n<iframe loading=\"lazy\" src=\"https:\/\/www.facebook.com\/plugins\/video.php?href=https%3A%2F%2Fwww.facebook.com%2Flosmocanos%2Fvideos%2F1811191803012678%2F%3Fref%3Dembed_video&#038;show_text=0&#038;width=476\" width=\"476\" height=\"476\" style=\"border:none;overflow:hidden\" scrolling=\"no\" frameborder=\"0\" allowfullscreen=\"true\" allow=\"autoplay; clipboard-write; encrypted-media; picture-in-picture; web-share\" allowFullScreen=\"true\"><\/iframe>\n\n<iframe loading=\"lazy\" src=\"https:\/\/www.facebook.com\/plugins\/video.php?href=https%3A%2F%2Fwww.facebook.com%2F100081638064921%2Fvideos%2F1859928078110933%2F%3Fref%3Dembed_video&#038;show_text=0&#038;width=267\" width=\"267\" height=\"476\" style=\"border:none;overflow:hidden\" scrolling=\"no\" frameborder=\"0\" allowfullscreen=\"true\" allow=\"autoplay; clipboard-write; encrypted-media; picture-in-picture; web-share\" allowFullScreen=\"true\"><\/iframe>\n<iframe loading=\"lazy\" src=\"https:\/\/www.facebook.com\/plugins\/video.php?href=https%3A%2F%2Fwww.facebook.com%2Fjohanne.polanco%2Fvideos%2F1722213205175019%2F%3Fref%3Dembed_video&#038;show_text=0&#038;width=560\" width=\"560\" height=\"316\" style=\"border:none;overflow:hidden\" scrolling=\"no\" frameborder=\"0\" allowfullscreen=\"true\" allow=\"autoplay; clipboard-write; encrypted-media; picture-in-picture; web-share\" allowFullScreen=\"true\"><\/iframe>","protected":false},"excerpt":{"rendered":"<p>Oscar Jos\u00e9 Ure\u00f1a alias \u00abBoca\u00bb confiesa su participaci\u00f3n en el crimen del taxista Alfred Joel Fern\u00e1ndez, cuyo cuerpo fue encontrado en Moca. Recientemente, un joven identificado como Oscar Jos\u00e9 Ure\u00f1a, alias \u00abBoca\u00bb, fue apresado por el Dicrim en Moca, acusado de estar involucrado en el asesinato del taxista Alfred Joel Fern\u00e1ndez, quien hab\u00eda estado desaparecido [&hellip;]<\/p>\n","protected":false},"author":1,"featured_media":7660,"comment_status":"open","ping_status":"open","sticky":false,"template":"","format":"standard","meta":{"footnotes":""},"categories":[1],"tags":[],"class_list":["post-7659","post","type-post","status-publish","format-standard","has-post-thumbnail","hentry","category-uncategorized"],"_links":{"self":[{"href":"https:\/\/rr.unv-informacion.xyz\/index.php?rest_route=\/wp\/v2\/posts\/7659","targetHints":{"allow":["GET"]}}],"collection":[{"href":"https:\/\/rr.unv-informacion.xyz\/index.php?rest_route=\/wp\/v2\/posts"}],"about":[{"href":"https:\/\/rr.unv-informacion.xyz\/index.php?rest_route=\/wp\/v2\/types\/post"}],"author":[{"embeddable":true,"href":"https:\/\/rr.unv-informacion.xyz\/index.php?rest_route=\/wp\/v2\/users\/1"}],"replies":[{"embeddable":true,"href":"https:\/\/rr.unv-informacion.xyz\/index.php?rest_route=%2Fwp%2Fv2%2Fcomments&post=7659"}],"version-history":[{"count":1,"href":"https:\/\/rr.unv-informacion.xyz\/index.php?rest_route=\/wp\/v2\/posts\/7659\/revisions"}],"predecessor-version":[{"id":7661,"href":"https:\/\/rr.unv-informacion.xyz\/index.php?rest_route=\/wp\/v2\/posts\/7659\/revisions\/7661"}],"wp:featuredmedia":[{"embeddable":true,"href":"https:\/\/rr.unv-informacion.xyz\/index.php?rest_route=\/wp\/v2\/media\/7660"}],"wp:attachment":[{"href":"https:\/\/rr.unv-informacion.xyz\/index.php?rest_route=%2Fwp%2Fv2%2Fmedia&parent=7659"}],"wp:term":[{"taxonomy":"category","embeddable":true,"href":"https:\/\/rr.unv-informacion.xyz\/index.php?rest_route=%2Fwp%2Fv2%2Fcategories&post=7659"},{"taxonomy":"post_tag","embeddable":true,"href":"https:\/\/rr.unv-informacion.xyz\/index.php?rest_route=%2Fwp%2Fv2%2Ftags&post=7659"}],"curies":[{"name":"wp","href":"https:\/\/api.w.org\/{rel}","templated":true}]}}