{"id":7669,"date":"2025-03-05T17:45:32","date_gmt":"2025-03-05T17:45:32","guid":{"rendered":"https:\/\/rr.unv-informacion.xyz\/?p=7669"},"modified":"2025-03-05T17:45:32","modified_gmt":"2025-03-05T17:45:32","slug":"joven-militar-de-21-anos-fallece-por-infarto-fulminante-en-samana","status":"publish","type":"post","link":"https:\/\/rr.unv-informacion.xyz\/?p=7669","title":{"rendered":"Joven militar de 21 a\u00f1os fallece por infarto fulminante en Saman\u00e1"},"content":{"rendered":"\n<p class=\"wp-block-paragraph\">Un joven militar de apenas 21 a\u00f1os falleci\u00f3 repentinamente esta ma\u00f1ana en Saman\u00e1 producto de un infarto fulminante que conmocion\u00f3 a familiares, compa\u00f1eros y testigos que presenciaron el inesperado suceso.<\/p>\n\n\n\n<p class=\"wp-block-paragraph\">Luis Alfredo Medina, quien prestaba servicio en las Fuerzas Armadas, se desplom\u00f3 s\u00fabitamente sin presentar s\u00edntomas previos aparentes seg\u00fan relataron testigos del hecho. El joven, que aparentaba gozar de buena salud, perdi\u00f3 la vida en cuesti\u00f3n de minutos.<\/p>\n\n\n\n<p class=\"wp-block-paragraph\">La tragedia ha generado conmoci\u00f3n en la comunidad de Saman\u00e1, donde familiares y compa\u00f1eros de servicio intentan asimilar lo ocurrido. Nadie esperaba un desenlace tan repentino en una persona tan joven y aparentemente saludable.<\/p>\n\n\n\n<p class=\"wp-block-paragraph\">Las circunstancias de su fallecimiento han causado sorpresa entre quienes lo conoc\u00edan, pues no se ten\u00eda conocimiento de que el joven militar padeciera alguna condici\u00f3n card\u00edaca preexistente que pudiera explicar el infarto fulminante.<\/p>\n\n\n\n<p class=\"wp-block-paragraph\">Autoridades militares a\u00fan no han emitido declaraciones oficiales sobre el caso, mientras la comunidad de Saman\u00e1 se une al dolor de la familia Medina ante esta p\u00e9rdida inesperada que trunc\u00f3 la vida de un joven servidor p\u00fablico en plena juventud.<\/p>\n\n\n\n<figure class=\"wp-block-image size-full\"><img loading=\"lazy\" decoding=\"async\" width=\"526\" height=\"635\" src=\"https:\/\/rr.unv-informacion.xyz\/wp-content\/uploads\/2025\/03\/480264214_958675883021464_5455048933601394651_n.jpg\" alt=\"\" class=\"wp-image-7670\" srcset=\"https:\/\/rr.unv-informacion.xyz\/wp-content\/uploads\/2025\/03\/480264214_958675883021464_5455048933601394651_n.jpg 526w, https:\/\/rr.unv-informacion.xyz\/wp-content\/uploads\/2025\/03\/480264214_958675883021464_5455048933601394651_n-249x300.jpg 249w, https:\/\/rr.unv-informacion.xyz\/wp-content\/uploads\/2025\/03\/480264214_958675883021464_5455048933601394651_n-348x420.jpg 348w\" sizes=\"auto, (max-width: 526px) 100vw, 526px\" \/><\/figure>\n","protected":false},"excerpt":{"rendered":"<p>Un joven militar de apenas 21 a\u00f1os falleci\u00f3 repentinamente esta ma\u00f1ana en Saman\u00e1 producto de un infarto fulminante que conmocion\u00f3 a familiares, compa\u00f1eros y testigos que presenciaron el inesperado suceso. Luis Alfredo Medina, quien prestaba servicio en las Fuerzas Armadas, se desplom\u00f3 s\u00fabitamente sin presentar s\u00edntomas previos aparentes seg\u00fan relataron testigos del hecho. El joven, [&hellip;]<\/p>\n","protected":false},"author":1,"featured_media":7670,"comment_status":"open","ping_status":"open","sticky":false,"template":"","format":"standard","meta":{"footnotes":""},"categories":[1],"tags":[],"class_list":["post-7669","post","type-post","status-publish","format-standard","has-post-thumbnail","hentry","category-uncategorized"],"_links":{"self":[{"href":"https:\/\/rr.unv-informacion.xyz\/index.php?rest_route=\/wp\/v2\/posts\/7669","targetHints":{"allow":["GET"]}}],"collection":[{"href":"https:\/\/rr.unv-informacion.xyz\/index.php?rest_route=\/wp\/v2\/posts"}],"about":[{"href":"https:\/\/rr.unv-informacion.xyz\/index.php?rest_route=\/wp\/v2\/types\/post"}],"author":[{"embeddable":true,"href":"https:\/\/rr.unv-informacion.xyz\/index.php?rest_route=\/wp\/v2\/users\/1"}],"replies":[{"embeddable":true,"href":"https:\/\/rr.unv-informacion.xyz\/index.php?rest_route=%2Fwp%2Fv2%2Fcomments&post=7669"}],"version-history":[{"count":1,"href":"https:\/\/rr.unv-informacion.xyz\/index.php?rest_route=\/wp\/v2\/posts\/7669\/revisions"}],"predecessor-version":[{"id":7671,"href":"https:\/\/rr.unv-informacion.xyz\/index.php?rest_route=\/wp\/v2\/posts\/7669\/revisions\/7671"}],"wp:featuredmedia":[{"embeddable":true,"href":"https:\/\/rr.unv-informacion.xyz\/index.php?rest_route=\/wp\/v2\/media\/7670"}],"wp:attachment":[{"href":"https:\/\/rr.unv-informacion.xyz\/index.php?rest_route=%2Fwp%2Fv2%2Fmedia&parent=7669"}],"wp:term":[{"taxonomy":"category","embeddable":true,"href":"https:\/\/rr.unv-informacion.xyz\/index.php?rest_route=%2Fwp%2Fv2%2Fcategories&post=7669"},{"taxonomy":"post_tag","embeddable":true,"href":"https:\/\/rr.unv-informacion.xyz\/index.php?rest_route=%2Fwp%2Fv2%2Ftags&post=7669"}],"curies":[{"name":"wp","href":"https:\/\/api.w.org\/{rel}","templated":true}]}}