{"id":7673,"date":"2025-03-06T16:35:31","date_gmt":"2025-03-06T16:35:31","guid":{"rendered":"https:\/\/rr.unv-informacion.xyz\/?p=7673"},"modified":"2025-03-06T16:35:32","modified_gmt":"2025-03-06T16:35:32","slug":"ultimo-mensaje-del-profesor-melvin-pichardo-hombre-de-fe-y-educador","status":"publish","type":"post","link":"https:\/\/rr.unv-informacion.xyz\/?p=7673","title":{"rendered":"\u00daltimo mensaje del profesor Melvin Pichardo, hombre de fe y educador"},"content":{"rendered":"\n<p class=\"wp-block-paragraph\">El profesor Melvin Pichardo dej\u00f3 un \u00faltimo mensaje de fe y esperanza en su \u00faltima pr\u00e9dica. Su historia de perseverancia sigue inspirando.<\/p>\n\n\n\n<p class=\"wp-block-paragraph\">Nos ha llegado un video de la \u00faltima pr\u00e9dica del profesor Melvin Pichardo, quien lamentablemente falleci\u00f3 en el accidente ocurrido esta ma\u00f1ana en Puerto Plata.<\/p>\n\n\n\n<p class=\"wp-block-paragraph\">El video fue grabado por un pariente cercano en la iglesia donde el mismo se congregaba. Tristemente, nadie imagin\u00f3 que hoy ser\u00eda una v\u00edctima m\u00e1s de estos accidentes de tr\u00e1nsitos tan frecuentes en el pa\u00eds.<\/p>\n\n\n\n<p class=\"wp-block-paragraph\">Adem\u00e1s de ser un destacado educador, el profesor Pichardo tambi\u00e9n era un hombre de fe. En su \u00faltima pr\u00e9dica, comparti\u00f3 una historia sobre un caracol que sube a la cima, explicando c\u00f3mo los cristianos deben superar los obst\u00e1culos para llegar al cielo. Este fue su \u00faltimo mensaje.<\/p>\n\n\n\n<p class=\"wp-block-paragraph\">El lamentable suceso tuvo lugar en San Felipe de Puerto Plata, donde el profesor y su hija Emely Nicol, esta \u00faltima de 13 a\u00f1os, perdieron la vida y ocho m\u00e1s resultaron heridas.<\/p>\n\n\n\n<p class=\"wp-block-paragraph\">Ambos sufrieron graves lesiones en la cabeza y otras partes del cuerpo despu\u00e9s de quedar atrapados en el veh\u00edculo en el que viajaban.<\/p>\n\n\n\n<p class=\"wp-block-paragraph\">El accidente ocurri\u00f3 a las 7:40 de la ma\u00f1ana en la intersecci\u00f3n de la avenida Manolo Tav\u00e1rez Justo con la calle Pedro Clisante, cerca del puente peatonal de la entrada al sector Padre Las Casas.<\/p>\n\n\n\n<p class=\"wp-block-paragraph\">Seg\u00fan las primeras informaciones, el siniestro se produjo cuando un autob\u00fas, aparentemente debido a una falla en el sistema de frenos, impact\u00f3 la yipeta conducida por Pichardo Dom\u00ednguez. Esto caus\u00f3 una colisi\u00f3n en cadena con otros veh\u00edculos y motocicletas.<\/p>\n\n\n\n<p class=\"wp-block-paragraph\">Tras el accidente, varias ambulancias de Rescate \u00c1mbar y del Sistema Nacional de Atenci\u00f3n a Emergencias 9-1-1 llegaron al lugar para asistir a los heridos y trasladarlos a centros de salud.<\/p>\n\n\n\n<p class=\"wp-block-paragraph\">En la zona tambi\u00e9n se desplegaron unidades de la Direcci\u00f3n de Servicios de Atenci\u00f3n a Emergencias Extrahospitalarias (DAEH), la Polic\u00eda Nacional, la Direcci\u00f3n General de Seguridad de Tr\u00e1nsito y Transporte Terrestre (DIGESETT) y la Polic\u00eda Municipal.<\/p>\n\n\n\n<p class=\"wp-block-paragraph\">Que su ejemplo de fe, perseverancia y amor siga iluminando nuestras vidas. Se insta a mantenerse atentos para futuras actualizaciones sobre este caso.<\/p>\n\n\n<iframe loading=\"lazy\" src=\"https:\/\/www.facebook.com\/plugins\/video.php?href=https%3A%2F%2Fwww.facebook.com%2FEnrednoticiasRD%2Fvideos%2F1195071442218955%2F%3Fref%3Dembed_video&#038;show_text=0&#038;width=268\" width=\"268\" height=\"476\" style=\"border:none;overflow:hidden\" scrolling=\"no\" frameborder=\"0\" allowfullscreen=\"true\" allow=\"autoplay; clipboard-write; encrypted-media; picture-in-picture; web-share\" allowFullScreen=\"true\"><\/iframe>\n\n<iframe loading=\"lazy\" src=\"https:\/\/www.facebook.com\/plugins\/video.php?href=https%3A%2F%2Fwww.facebook.com%2Fsucesosenvideo%2Fvideos%2F684432301203967%2F%3Fref%3Dembed_video&#038;show_text=0&#038;width=476\" width=\"476\" height=\"476\" style=\"border:none;overflow:hidden\" scrolling=\"no\" frameborder=\"0\" allowfullscreen=\"true\" allow=\"autoplay; clipboard-write; encrypted-media; picture-in-picture; web-share\" allowFullScreen=\"true\"><\/iframe>","protected":false},"excerpt":{"rendered":"<p>El profesor Melvin Pichardo dej\u00f3 un \u00faltimo mensaje de fe y esperanza en su \u00faltima pr\u00e9dica. Su historia de perseverancia sigue inspirando. Nos ha llegado un video de la \u00faltima pr\u00e9dica del profesor Melvin Pichardo, quien lamentablemente falleci\u00f3 en el accidente ocurrido esta ma\u00f1ana en Puerto Plata. El video fue grabado por un pariente cercano [&hellip;]<\/p>\n","protected":false},"author":1,"featured_media":7674,"comment_status":"open","ping_status":"open","sticky":false,"template":"","format":"standard","meta":{"footnotes":""},"categories":[1],"tags":[],"class_list":["post-7673","post","type-post","status-publish","format-standard","has-post-thumbnail","hentry","category-uncategorized"],"_links":{"self":[{"href":"https:\/\/rr.unv-informacion.xyz\/index.php?rest_route=\/wp\/v2\/posts\/7673","targetHints":{"allow":["GET"]}}],"collection":[{"href":"https:\/\/rr.unv-informacion.xyz\/index.php?rest_route=\/wp\/v2\/posts"}],"about":[{"href":"https:\/\/rr.unv-informacion.xyz\/index.php?rest_route=\/wp\/v2\/types\/post"}],"author":[{"embeddable":true,"href":"https:\/\/rr.unv-informacion.xyz\/index.php?rest_route=\/wp\/v2\/users\/1"}],"replies":[{"embeddable":true,"href":"https:\/\/rr.unv-informacion.xyz\/index.php?rest_route=%2Fwp%2Fv2%2Fcomments&post=7673"}],"version-history":[{"count":1,"href":"https:\/\/rr.unv-informacion.xyz\/index.php?rest_route=\/wp\/v2\/posts\/7673\/revisions"}],"predecessor-version":[{"id":7675,"href":"https:\/\/rr.unv-informacion.xyz\/index.php?rest_route=\/wp\/v2\/posts\/7673\/revisions\/7675"}],"wp:featuredmedia":[{"embeddable":true,"href":"https:\/\/rr.unv-informacion.xyz\/index.php?rest_route=\/wp\/v2\/media\/7674"}],"wp:attachment":[{"href":"https:\/\/rr.unv-informacion.xyz\/index.php?rest_route=%2Fwp%2Fv2%2Fmedia&parent=7673"}],"wp:term":[{"taxonomy":"category","embeddable":true,"href":"https:\/\/rr.unv-informacion.xyz\/index.php?rest_route=%2Fwp%2Fv2%2Fcategories&post=7673"},{"taxonomy":"post_tag","embeddable":true,"href":"https:\/\/rr.unv-informacion.xyz\/index.php?rest_route=%2Fwp%2Fv2%2Ftags&post=7673"}],"curies":[{"name":"wp","href":"https:\/\/api.w.org\/{rel}","templated":true}]}}