{"id":7676,"date":"2025-03-06T16:41:06","date_gmt":"2025-03-06T16:41:06","guid":{"rendered":"https:\/\/rr.unv-informacion.xyz\/?p=7676"},"modified":"2025-03-06T16:41:07","modified_gmt":"2025-03-06T16:41:07","slug":"circula-ultimo-video-de-emely-pichardo-antes-de-fallecer-en-accidente-de-puerto-plata","status":"publish","type":"post","link":"https:\/\/rr.unv-informacion.xyz\/?p=7676","title":{"rendered":"Circula \u00faltimo video de Emely Pichardo antes de fallecer en accidente de Puerto Plata"},"content":{"rendered":"\n<p class=\"wp-block-paragraph\">Un video muestra la \u00faltima exposici\u00f3n escolar de Emely Nicol Pichardo Clase, quien falleci\u00f3 junto a su padre en un tr\u00e1gico accidente que involucr\u00f3 a un autob\u00fas y m\u00faltiples veh\u00edculos en Puerto Plata este mi\u00e9rcoles.<\/p>\n\n\n\n<p class=\"wp-block-paragraph\">Circula en redes sociales un emotivo registro de Emely Nicol Pichardo Clase realizando una exposici\u00f3n escolar, el \u00faltimo testimonio de la vida de la joven estudiante antes de perder la vida junto a su padre, el profesor Melvin Ram\u00f3n Pichardo Dom\u00ednguez, en un fatal accidente de tr\u00e1nsito ocurrido en la avenida Manolo Tavarez Justo.<\/p>\n\n\n\n<p class=\"wp-block-paragraph\">El lamentable suceso tuvo lugar aproximadamente a las 6:50 A.M. del mi\u00e9rcoles, cuando un autob\u00fas descarrilado a gran velocidad impact\u00f3 contra seis veh\u00edculos y dos motocicletas cerca del Sem\u00e1foro de Padre Las Casas. La yipeta donde viajaban padre e hija qued\u00f3 completamente destruida tras el violento choque.<\/p>\n\n\n\n<p class=\"wp-block-paragraph\">Como muestra del profundo impacto que ha causado esta p\u00e9rdida en la comunidad educativa, las autoridades suspendieron la docencia este jueves en todos los centros educativos de Puerto Plata. El sepelio de las v\u00edctimas est\u00e1 programado para realizarse a partir de las 10 de la ma\u00f1ana.<\/p>\n\n\n\n<p class=\"wp-block-paragraph\">Este tr\u00e1gico accidente ha conmocionado a la sociedad puertoplate\u00f1a, que recuerda con cari\u00f1o tanto al profesor como a su talentosa hija, mientras surgen llamados para mejorar la seguridad vial en una zona por donde transitan diariamente numerosos estudiantes y trabajadores.<\/p>\n\n\n<iframe loading=\"lazy\" src=\"https:\/\/www.facebook.com\/plugins\/video.php?href=https%3A%2F%2Fwww.facebook.com%2F61561426113328%2Fvideos%2F615189724626987%2F%3Fref%3Dembed_video&#038;show_text=0&#038;width=476\" width=\"476\" height=\"476\" style=\"border:none;overflow:hidden\" scrolling=\"no\" frameborder=\"0\" allowfullscreen=\"true\" allow=\"autoplay; clipboard-write; encrypted-media; picture-in-picture; web-share\" allowFullScreen=\"true\"><\/iframe>","protected":false},"excerpt":{"rendered":"<p>Un video muestra la \u00faltima exposici\u00f3n escolar de Emely Nicol Pichardo Clase, quien falleci\u00f3 junto a su padre en un tr\u00e1gico accidente que involucr\u00f3 a un autob\u00fas y m\u00faltiples veh\u00edculos en Puerto Plata este mi\u00e9rcoles. Circula en redes sociales un emotivo registro de Emely Nicol Pichardo Clase realizando una exposici\u00f3n escolar, el \u00faltimo testimonio de [&hellip;]<\/p>\n","protected":false},"author":1,"featured_media":7677,"comment_status":"open","ping_status":"open","sticky":false,"template":"","format":"standard","meta":{"footnotes":""},"categories":[1],"tags":[],"class_list":["post-7676","post","type-post","status-publish","format-standard","has-post-thumbnail","hentry","category-uncategorized"],"_links":{"self":[{"href":"https:\/\/rr.unv-informacion.xyz\/index.php?rest_route=\/wp\/v2\/posts\/7676","targetHints":{"allow":["GET"]}}],"collection":[{"href":"https:\/\/rr.unv-informacion.xyz\/index.php?rest_route=\/wp\/v2\/posts"}],"about":[{"href":"https:\/\/rr.unv-informacion.xyz\/index.php?rest_route=\/wp\/v2\/types\/post"}],"author":[{"embeddable":true,"href":"https:\/\/rr.unv-informacion.xyz\/index.php?rest_route=\/wp\/v2\/users\/1"}],"replies":[{"embeddable":true,"href":"https:\/\/rr.unv-informacion.xyz\/index.php?rest_route=%2Fwp%2Fv2%2Fcomments&post=7676"}],"version-history":[{"count":1,"href":"https:\/\/rr.unv-informacion.xyz\/index.php?rest_route=\/wp\/v2\/posts\/7676\/revisions"}],"predecessor-version":[{"id":7678,"href":"https:\/\/rr.unv-informacion.xyz\/index.php?rest_route=\/wp\/v2\/posts\/7676\/revisions\/7678"}],"wp:featuredmedia":[{"embeddable":true,"href":"https:\/\/rr.unv-informacion.xyz\/index.php?rest_route=\/wp\/v2\/media\/7677"}],"wp:attachment":[{"href":"https:\/\/rr.unv-informacion.xyz\/index.php?rest_route=%2Fwp%2Fv2%2Fmedia&parent=7676"}],"wp:term":[{"taxonomy":"category","embeddable":true,"href":"https:\/\/rr.unv-informacion.xyz\/index.php?rest_route=%2Fwp%2Fv2%2Fcategories&post=7676"},{"taxonomy":"post_tag","embeddable":true,"href":"https:\/\/rr.unv-informacion.xyz\/index.php?rest_route=%2Fwp%2Fv2%2Ftags&post=7676"}],"curies":[{"name":"wp","href":"https:\/\/api.w.org\/{rel}","templated":true}]}}