{"id":7680,"date":"2025-03-07T17:29:50","date_gmt":"2025-03-07T17:29:50","guid":{"rendered":"https:\/\/rr.unv-informacion.xyz\/?p=7680"},"modified":"2025-03-07T17:29:52","modified_gmt":"2025-03-07T17:29:52","slug":"hombre-pierde-la-vida-tras-incidente-de-transito-en-moca","status":"publish","type":"post","link":"https:\/\/rr.unv-informacion.xyz\/?p=7680","title":{"rendered":"Hombre pierde la vida tras incidente de tr\u00e1nsito en Moca"},"content":{"rendered":"\n<p class=\"wp-block-paragraph\">\u00c1ngel Mel\u00e9ndez falleci\u00f3 en Moca tras ser atacado con un arma blanca por un motorista. Fiscal\u00eda pide al responsable que se entregue.<\/p>\n\n\n\n<p class=\"wp-block-paragraph\">\u00c1ngel Arnaldo Mel\u00e9ndez, conocido como Anyi, perdi\u00f3 la vida en un incidente ocurrido en la Avenida Ram\u00f3n C\u00e1ceres, en Moca, provincia Espaillat.<\/p>\n\n\n\n<p class=\"wp-block-paragraph\">Seg\u00fan versiones, Mel\u00e9ndez, quien conduc\u00eda una camioneta negra, tuvo un roce con un motorista. Tras el choque, el motociclista reaccion\u00f3 de inmediato y lo atac\u00f3 con un arma blanca, caus\u00e1ndole graves heridas.<\/p>\n\n\n\n<p class=\"wp-block-paragraph\">El agresor fue identificado como Sadiel Molina, quien le propin\u00f3 dos heridas a la v\u00edctima, una en la arteria femoral y otra en la pierna izquierda, lo que provoc\u00f3 su fallecimiento.<\/p>\n\n\n\n<p class=\"wp-block-paragraph\">La fiscal\u00eda de Moca ha solicitado que el responsable se entregue lo antes posible, advirtiendo que tomar\u00e1n medidas para localizarlo.<\/p>\n\n\n\n<p class=\"wp-block-paragraph\">El cuerpo de \u00c1ngel Mel\u00e9ndez fue trasladado al Instituto Nacional de Ciencias Forenses para los procedimientos legales correspondientes.<\/p>\n\n\n\n<figure class=\"wp-block-image size-large\"><img loading=\"lazy\" decoding=\"async\" width=\"1019\" height=\"1024\" src=\"https:\/\/rr.unv-informacion.xyz\/wp-content\/uploads\/2025\/03\/481506821_1215464633280215_7270329516846462889_n-1019x1024.jpg\" alt=\"\" class=\"wp-image-7681\" srcset=\"https:\/\/rr.unv-informacion.xyz\/wp-content\/uploads\/2025\/03\/481506821_1215464633280215_7270329516846462889_n-1019x1024.jpg 1019w, https:\/\/rr.unv-informacion.xyz\/wp-content\/uploads\/2025\/03\/481506821_1215464633280215_7270329516846462889_n-300x300.jpg 300w, https:\/\/rr.unv-informacion.xyz\/wp-content\/uploads\/2025\/03\/481506821_1215464633280215_7270329516846462889_n-150x150.jpg 150w, https:\/\/rr.unv-informacion.xyz\/wp-content\/uploads\/2025\/03\/481506821_1215464633280215_7270329516846462889_n-768x772.jpg 768w, https:\/\/rr.unv-informacion.xyz\/wp-content\/uploads\/2025\/03\/481506821_1215464633280215_7270329516846462889_n-418x420.jpg 418w, https:\/\/rr.unv-informacion.xyz\/wp-content\/uploads\/2025\/03\/481506821_1215464633280215_7270329516846462889_n.jpg 1080w\" sizes=\"auto, (max-width: 1019px) 100vw, 1019px\" \/><\/figure>\n\n\n\n<figure class=\"wp-block-image size-full\"><img loading=\"lazy\" decoding=\"async\" width=\"492\" height=\"564\" src=\"https:\/\/rr.unv-informacion.xyz\/wp-content\/uploads\/2025\/03\/WhatsApp-Image-2025-03-06-at-2.16.13-PM.jpg\" alt=\"\" class=\"wp-image-7682\" srcset=\"https:\/\/rr.unv-informacion.xyz\/wp-content\/uploads\/2025\/03\/WhatsApp-Image-2025-03-06-at-2.16.13-PM.jpg 492w, https:\/\/rr.unv-informacion.xyz\/wp-content\/uploads\/2025\/03\/WhatsApp-Image-2025-03-06-at-2.16.13-PM-262x300.jpg 262w, https:\/\/rr.unv-informacion.xyz\/wp-content\/uploads\/2025\/03\/WhatsApp-Image-2025-03-06-at-2.16.13-PM-366x420.jpg 366w\" sizes=\"auto, (max-width: 492px) 100vw, 492px\" \/><\/figure>\n\n\n<p><iframe loading=\"lazy\" src=\"https:\/\/www.facebook.com\/plugins\/video.php?href=https%3A%2F%2Fwww.facebook.com%2F100044500691086%2Fvideos%2F994126286022133%2F%3Fref%3Dembed_video&#038;show_text=0&#038;width=560\" width=\"560\" height=\"316\" style=\"border:none;overflow:hidden\" scrolling=\"no\" frameborder=\"0\" allowfullscreen=\"true\" allow=\"autoplay; clipboard-write; encrypted-media; picture-in-picture; web-share\" allowFullScreen=\"true\"><\/iframe><\/p>\n\n\n<p class=\"wp-block-paragraph\"><a href=\"https:\/\/t.me\/nuevodiarioaldia\/11273\">IMAGENES FUERTES<\/a><\/p>\n","protected":false},"excerpt":{"rendered":"<p>\u00c1ngel Mel\u00e9ndez falleci\u00f3 en Moca tras ser atacado con un arma blanca por un motorista. Fiscal\u00eda pide al responsable que se entregue. \u00c1ngel Arnaldo Mel\u00e9ndez, conocido como Anyi, perdi\u00f3 la vida en un incidente ocurrido en la Avenida Ram\u00f3n C\u00e1ceres, en Moca, provincia Espaillat. Seg\u00fan versiones, Mel\u00e9ndez, quien conduc\u00eda una camioneta negra, tuvo un roce [&hellip;]<\/p>\n","protected":false},"author":1,"featured_media":7682,"comment_status":"open","ping_status":"open","sticky":false,"template":"","format":"standard","meta":{"footnotes":""},"categories":[1],"tags":[],"class_list":["post-7680","post","type-post","status-publish","format-standard","has-post-thumbnail","hentry","category-uncategorized"],"_links":{"self":[{"href":"https:\/\/rr.unv-informacion.xyz\/index.php?rest_route=\/wp\/v2\/posts\/7680","targetHints":{"allow":["GET"]}}],"collection":[{"href":"https:\/\/rr.unv-informacion.xyz\/index.php?rest_route=\/wp\/v2\/posts"}],"about":[{"href":"https:\/\/rr.unv-informacion.xyz\/index.php?rest_route=\/wp\/v2\/types\/post"}],"author":[{"embeddable":true,"href":"https:\/\/rr.unv-informacion.xyz\/index.php?rest_route=\/wp\/v2\/users\/1"}],"replies":[{"embeddable":true,"href":"https:\/\/rr.unv-informacion.xyz\/index.php?rest_route=%2Fwp%2Fv2%2Fcomments&post=7680"}],"version-history":[{"count":1,"href":"https:\/\/rr.unv-informacion.xyz\/index.php?rest_route=\/wp\/v2\/posts\/7680\/revisions"}],"predecessor-version":[{"id":7683,"href":"https:\/\/rr.unv-informacion.xyz\/index.php?rest_route=\/wp\/v2\/posts\/7680\/revisions\/7683"}],"wp:featuredmedia":[{"embeddable":true,"href":"https:\/\/rr.unv-informacion.xyz\/index.php?rest_route=\/wp\/v2\/media\/7682"}],"wp:attachment":[{"href":"https:\/\/rr.unv-informacion.xyz\/index.php?rest_route=%2Fwp%2Fv2%2Fmedia&parent=7680"}],"wp:term":[{"taxonomy":"category","embeddable":true,"href":"https:\/\/rr.unv-informacion.xyz\/index.php?rest_route=%2Fwp%2Fv2%2Fcategories&post=7680"},{"taxonomy":"post_tag","embeddable":true,"href":"https:\/\/rr.unv-informacion.xyz\/index.php?rest_route=%2Fwp%2Fv2%2Ftags&post=7680"}],"curies":[{"name":"wp","href":"https:\/\/api.w.org\/{rel}","templated":true}]}}