{"id":7698,"date":"2025-03-08T19:36:39","date_gmt":"2025-03-08T19:36:39","guid":{"rendered":"https:\/\/rr.unv-informacion.xyz\/?p=7698"},"modified":"2025-03-08T19:36:39","modified_gmt":"2025-03-08T19:36:39","slug":"madre-de-taxista-desaparecido-exige-justicia-en-moca","status":"publish","type":"post","link":"https:\/\/rr.unv-informacion.xyz\/?p=7698","title":{"rendered":"Madre de taxista desaparecido exige justicia en Moca"},"content":{"rendered":"\n<p class=\"wp-block-paragraph\">Isidra Peralta, madre del taxista Alfred Joel Fern\u00e1ndez, clama justicia tras la desaparici\u00f3n de su hijo en Moca. Autoridades investigan el caso.<\/p>\n\n\n\n<p class=\"wp-block-paragraph\">Isidra Peralta, madre del taxista Alfred Joel Fern\u00e1ndez, reafirm\u00f3 su lucha por obtener justicia, no solo para su hijo, sino tambi\u00e9n para todas las familias que sufren la desaparici\u00f3n de un ser querido.<\/p>\n\n\n\n<p class=\"wp-block-paragraph\">Conmovida, expres\u00f3 su determinaci\u00f3n de que este caso no quede impune y se convierta en un ejemplo para combatir la impunidad.<\/p>\n\n\n\n<p class=\"wp-block-paragraph\">\u201cPor Alfred y todas esas madres que tienen a sus hijos desaparecidos, habr\u00e1 justicia. Lamentablemente, esto ocurri\u00f3 con Alfred, pero esto se va a terminar\u201d, manifest\u00f3 con la voz entrecortada.<\/p>\n\n\n\n<p class=\"wp-block-paragraph\">Peralta asegur\u00f3 que las grabaciones obtenidas por las autoridades muestran claramente la participaci\u00f3n de los responsables en el hecho.<\/p>\n\n\n\n<p class=\"wp-block-paragraph\">\u201cLos videos dicen que \u00e9l es culpable. Hay 186 videos donde salen todos los implicados, sale \u00e9l, y \u00e9l es culpable\u201d, afirm\u00f3, refiri\u00e9ndose a las pruebas en la investigaci\u00f3n.<\/p>\n\n\n\n<p class=\"wp-block-paragraph\">Mientras tanto, los an\u00e1lisis forenses contin\u00faan para confirmar si los restos encontrados recientemente pertenecen a Fern\u00e1ndez.<\/p>\n\n\n\n<p class=\"wp-block-paragraph\">El taxista fue visto por \u00faltima vez el 22 de enero, cuando sali\u00f3 a realizar un servicio en la localidad de Las Lagunas, en Moca. Antes de que su tel\u00e9fono se apagara, envi\u00f3 un mensaje de alerta: \u201cEstoy en peligro y necesito ayuda\u201d, pero desde entonces no se supo m\u00e1s de su paradero.<\/p>\n\n\n\n<p class=\"wp-block-paragraph\">El hallazgo de una osamenta en la comunidad de Los Rosarios Arriba, en la provincia Espaillat, el lunes por la ma\u00f1ana, ha abierto una nueva l\u00ednea de investigaci\u00f3n.<\/p>\n\n\n\n<p class=\"wp-block-paragraph\">La Polic\u00eda Nacional inform\u00f3 que se esperan los resultados de la necropsia y la prueba de ADN para determinar si los restos corresponden a Fern\u00e1ndez.<\/p>\n\n\n\n<p class=\"wp-block-paragraph\">Por este caso, se encuentra bajo arresto Oscar Jos\u00e9 Ure\u00f1a, quien llev\u00f3 a las autoridades al lugar donde se hall\u00f3 el cad\u00e1ver. Un tribunal le impuso un a\u00f1o de prisi\u00f3n preventiva como medida de coerci\u00f3n.<\/p>\n\n\n\n<p class=\"wp-block-paragraph\">Adem\u00e1s, las autoridades han emitido \u00f3rdenes de captura contra Clara In\u00e9s S\u00e1nchez y dos hombres identificados como Juan Manuel Lantigua Veras, alias \u201cSalcochado\u201d, y Julio Jos\u00e9 Vargas D\u00edaz, conocido como \u201c\u00d1aco\u00f1a\u201d o \u201cBulin\u201d, quienes est\u00e1n siendo activamente buscados.<\/p>\n\n\n\n<figure class=\"wp-block-embed is-type-video is-provider-youtube wp-block-embed-youtube wp-embed-aspect-16-9 wp-has-aspect-ratio\"><div class=\"wp-block-embed__wrapper\">\n<iframe loading=\"lazy\" title=\"Madre del taxista conforme con la medida impuesta a boca, pide los pr\u00f3fugo que se entreguen....\" width=\"640\" height=\"360\" src=\"https:\/\/www.youtube.com\/embed\/BFeF3vO02VQ?feature=oembed\" frameborder=\"0\" allow=\"accelerometer; autoplay; clipboard-write; encrypted-media; gyroscope; picture-in-picture; web-share\" referrerpolicy=\"strict-origin-when-cross-origin\" allowfullscreen><\/iframe>\n<\/div><\/figure>\n\n\n<iframe loading=\"lazy\" src=\"https:\/\/www.facebook.com\/plugins\/video.php?href=https%3A%2F%2Fwww.facebook.com%2Foliverpenadeprimera%2Fvideos%2F1653274522245680%2F%3Fref%3Dembed_video&#038;show_text=0&#038;width=267\" width=\"267\" height=\"476\" style=\"border:none;overflow:hidden\" scrolling=\"no\" frameborder=\"0\" allowfullscreen=\"true\" allow=\"autoplay; clipboard-write; encrypted-media; picture-in-picture; web-share\" allowFullScreen=\"true\"><\/iframe>","protected":false},"excerpt":{"rendered":"<p>Isidra Peralta, madre del taxista Alfred Joel Fern\u00e1ndez, clama justicia tras la desaparici\u00f3n de su hijo en Moca. Autoridades investigan el caso. Isidra Peralta, madre del taxista Alfred Joel Fern\u00e1ndez, reafirm\u00f3 su lucha por obtener justicia, no solo para su hijo, sino tambi\u00e9n para todas las familias que sufren la desaparici\u00f3n de un ser querido. [&hellip;]<\/p>\n","protected":false},"author":1,"featured_media":7699,"comment_status":"open","ping_status":"open","sticky":false,"template":"","format":"standard","meta":{"footnotes":""},"categories":[1],"tags":[],"class_list":["post-7698","post","type-post","status-publish","format-standard","has-post-thumbnail","hentry","category-uncategorized"],"_links":{"self":[{"href":"https:\/\/rr.unv-informacion.xyz\/index.php?rest_route=\/wp\/v2\/posts\/7698","targetHints":{"allow":["GET"]}}],"collection":[{"href":"https:\/\/rr.unv-informacion.xyz\/index.php?rest_route=\/wp\/v2\/posts"}],"about":[{"href":"https:\/\/rr.unv-informacion.xyz\/index.php?rest_route=\/wp\/v2\/types\/post"}],"author":[{"embeddable":true,"href":"https:\/\/rr.unv-informacion.xyz\/index.php?rest_route=\/wp\/v2\/users\/1"}],"replies":[{"embeddable":true,"href":"https:\/\/rr.unv-informacion.xyz\/index.php?rest_route=%2Fwp%2Fv2%2Fcomments&post=7698"}],"version-history":[{"count":1,"href":"https:\/\/rr.unv-informacion.xyz\/index.php?rest_route=\/wp\/v2\/posts\/7698\/revisions"}],"predecessor-version":[{"id":7700,"href":"https:\/\/rr.unv-informacion.xyz\/index.php?rest_route=\/wp\/v2\/posts\/7698\/revisions\/7700"}],"wp:featuredmedia":[{"embeddable":true,"href":"https:\/\/rr.unv-informacion.xyz\/index.php?rest_route=\/wp\/v2\/media\/7699"}],"wp:attachment":[{"href":"https:\/\/rr.unv-informacion.xyz\/index.php?rest_route=%2Fwp%2Fv2%2Fmedia&parent=7698"}],"wp:term":[{"taxonomy":"category","embeddable":true,"href":"https:\/\/rr.unv-informacion.xyz\/index.php?rest_route=%2Fwp%2Fv2%2Fcategories&post=7698"},{"taxonomy":"post_tag","embeddable":true,"href":"https:\/\/rr.unv-informacion.xyz\/index.php?rest_route=%2Fwp%2Fv2%2Ftags&post=7698"}],"curies":[{"name":"wp","href":"https:\/\/api.w.org\/{rel}","templated":true}]}}