{"id":7701,"date":"2025-03-08T19:40:08","date_gmt":"2025-03-08T19:40:08","guid":{"rendered":"https:\/\/rr.unv-informacion.xyz\/?p=7701"},"modified":"2025-03-08T19:40:09","modified_gmt":"2025-03-08T19:40:09","slug":"mujer-y-su-hija-fallecen-en-accidente-en-carretera-de-barahona","status":"publish","type":"post","link":"https:\/\/rr.unv-informacion.xyz\/?p=7701","title":{"rendered":"Mujer y su hija fallecen en accidente en carretera de Barahona"},"content":{"rendered":"\n<p class=\"wp-block-paragraph\">Dos mujeres de Villa Central, Barahona, perdieron la vida en un accidente en la carretera Azua-Barahona. Autoridades investigan el siniestro.<\/p>\n\n\n\n<p class=\"wp-block-paragraph\">Dos mujeres fallecieron la tarde del viernes en un accidente ocurrido en la carretera Azua-Barahona, entre las comunidades El Memiso y Fondo Negro, en el municpio Vicente Noble, Barahona.<\/p>\n\n\n\n<p class=\"wp-block-paragraph\">Las v\u00edctimas fueron identificadas como Juana Rodr\u00edguez y su hija Evelin Montero Rodr\u00edguez, ambas residentes en la novena avenida del municipio Villa Central, en la provincia Barahona.<\/p>\n\n\n\n<p class=\"wp-block-paragraph\">Familiares, amigos y vecinos han acudido a la casa de las fallecidas para brindar apoyo y solidaridad a sus seres queridos en este dif\u00edcil momento.<\/p>\n\n\n\n<p class=\"wp-block-paragraph\">El conductor del veh\u00edculo, identificado como V\u00edctor Montero Rodr\u00edguez, result\u00f3 ileso y fue trasladado a un centro de salud privado en Barahona, donde recibe atenci\u00f3n m\u00e9dica.<\/p>\n\n\n\n<p class=\"wp-block-paragraph\">Seg\u00fan el testimonio de Redo Torres M\u00e9ndez, residente en Fondo Negro, el accidente ocurri\u00f3 cuando el veh\u00edculo en el que viajaban las v\u00edctimas, un carro blanco, choc\u00f3 contra un poste del tendido el\u00e9ctrico.<\/p>\n\n\n\n<p class=\"wp-block-paragraph\">El impacto fue tan fuerte que el autom\u00f3vil se parti\u00f3 en dos y se incendi\u00f3 tras la colisi\u00f3n.<\/p>\n\n\n\n<p class=\"wp-block-paragraph\">Al lugar del siniestro acudieron unidades del 911, agentes de la Polic\u00eda Nacional, la Direcci\u00f3n General de Seguridad de Tr\u00e1nsito y Transporte Terrestre (Digesett), as\u00ed como equipos de protecci\u00f3n civil, quienes brindaron asistencia en la emergencia.<\/p>\n\n\n\n<p class=\"wp-block-paragraph\">Destacar que a\u00fan el caso est\u00e1 en proceso de desarrollo y estamos al pendiente para se\u00f1alizar las v\u00edctimas con sus respectivos nombres e im\u00e1genes en vida.<\/p>\n\n\n\n<figure class=\"wp-block-image size-full\"><img loading=\"lazy\" decoding=\"async\" width=\"640\" height=\"514\" src=\"https:\/\/rr.unv-informacion.xyz\/wp-content\/uploads\/2025\/03\/481661549_1367374197633972_6434277286316119705_n.jpg\" alt=\"\" class=\"wp-image-7702\" srcset=\"https:\/\/rr.unv-informacion.xyz\/wp-content\/uploads\/2025\/03\/481661549_1367374197633972_6434277286316119705_n.jpg 640w, https:\/\/rr.unv-informacion.xyz\/wp-content\/uploads\/2025\/03\/481661549_1367374197633972_6434277286316119705_n-300x241.jpg 300w, https:\/\/rr.unv-informacion.xyz\/wp-content\/uploads\/2025\/03\/481661549_1367374197633972_6434277286316119705_n-523x420.jpg 523w\" sizes=\"auto, (max-width: 640px) 100vw, 640px\" \/><\/figure>\n\n\n\n<figure class=\"wp-block-image size-full\"><img loading=\"lazy\" decoding=\"async\" width=\"768\" height=\"575\" src=\"https:\/\/rr.unv-informacion.xyz\/wp-content\/uploads\/2025\/03\/WhatsApp-Image-2025-03-07-at-6.35.33-PM-768x575-1.jpg\" alt=\"\" class=\"wp-image-7703\" srcset=\"https:\/\/rr.unv-informacion.xyz\/wp-content\/uploads\/2025\/03\/WhatsApp-Image-2025-03-07-at-6.35.33-PM-768x575-1.jpg 768w, https:\/\/rr.unv-informacion.xyz\/wp-content\/uploads\/2025\/03\/WhatsApp-Image-2025-03-07-at-6.35.33-PM-768x575-1-300x225.jpg 300w, https:\/\/rr.unv-informacion.xyz\/wp-content\/uploads\/2025\/03\/WhatsApp-Image-2025-03-07-at-6.35.33-PM-768x575-1-561x420.jpg 561w, https:\/\/rr.unv-informacion.xyz\/wp-content\/uploads\/2025\/03\/WhatsApp-Image-2025-03-07-at-6.35.33-PM-768x575-1-80x60.jpg 80w, https:\/\/rr.unv-informacion.xyz\/wp-content\/uploads\/2025\/03\/WhatsApp-Image-2025-03-07-at-6.35.33-PM-768x575-1-100x75.jpg 100w, https:\/\/rr.unv-informacion.xyz\/wp-content\/uploads\/2025\/03\/WhatsApp-Image-2025-03-07-at-6.35.33-PM-768x575-1-180x135.jpg 180w, https:\/\/rr.unv-informacion.xyz\/wp-content\/uploads\/2025\/03\/WhatsApp-Image-2025-03-07-at-6.35.33-PM-768x575-1-238x178.jpg 238w, https:\/\/rr.unv-informacion.xyz\/wp-content\/uploads\/2025\/03\/WhatsApp-Image-2025-03-07-at-6.35.33-PM-768x575-1-640x479.jpg 640w, https:\/\/rr.unv-informacion.xyz\/wp-content\/uploads\/2025\/03\/WhatsApp-Image-2025-03-07-at-6.35.33-PM-768x575-1-681x510.jpg 681w\" sizes=\"auto, (max-width: 768px) 100vw, 768px\" \/><\/figure>\n\n\n\n<p class=\"wp-block-paragraph\"><a href=\"https:\/\/t.me\/nuevodiarioaldia\/11313\">IMAGEN FUERTE<\/a><\/p>\n","protected":false},"excerpt":{"rendered":"<p>Dos mujeres de Villa Central, Barahona, perdieron la vida en un accidente en la carretera Azua-Barahona. Autoridades investigan el siniestro. Dos mujeres fallecieron la tarde del viernes en un accidente ocurrido en la carretera Azua-Barahona, entre las comunidades El Memiso y Fondo Negro, en el municpio Vicente Noble, Barahona. Las v\u00edctimas fueron identificadas como Juana [&hellip;]<\/p>\n","protected":false},"author":1,"featured_media":7702,"comment_status":"open","ping_status":"open","sticky":false,"template":"","format":"standard","meta":{"footnotes":""},"categories":[1],"tags":[],"class_list":["post-7701","post","type-post","status-publish","format-standard","has-post-thumbnail","hentry","category-uncategorized"],"_links":{"self":[{"href":"https:\/\/rr.unv-informacion.xyz\/index.php?rest_route=\/wp\/v2\/posts\/7701","targetHints":{"allow":["GET"]}}],"collection":[{"href":"https:\/\/rr.unv-informacion.xyz\/index.php?rest_route=\/wp\/v2\/posts"}],"about":[{"href":"https:\/\/rr.unv-informacion.xyz\/index.php?rest_route=\/wp\/v2\/types\/post"}],"author":[{"embeddable":true,"href":"https:\/\/rr.unv-informacion.xyz\/index.php?rest_route=\/wp\/v2\/users\/1"}],"replies":[{"embeddable":true,"href":"https:\/\/rr.unv-informacion.xyz\/index.php?rest_route=%2Fwp%2Fv2%2Fcomments&post=7701"}],"version-history":[{"count":1,"href":"https:\/\/rr.unv-informacion.xyz\/index.php?rest_route=\/wp\/v2\/posts\/7701\/revisions"}],"predecessor-version":[{"id":7704,"href":"https:\/\/rr.unv-informacion.xyz\/index.php?rest_route=\/wp\/v2\/posts\/7701\/revisions\/7704"}],"wp:featuredmedia":[{"embeddable":true,"href":"https:\/\/rr.unv-informacion.xyz\/index.php?rest_route=\/wp\/v2\/media\/7702"}],"wp:attachment":[{"href":"https:\/\/rr.unv-informacion.xyz\/index.php?rest_route=%2Fwp%2Fv2%2Fmedia&parent=7701"}],"wp:term":[{"taxonomy":"category","embeddable":true,"href":"https:\/\/rr.unv-informacion.xyz\/index.php?rest_route=%2Fwp%2Fv2%2Fcategories&post=7701"},{"taxonomy":"post_tag","embeddable":true,"href":"https:\/\/rr.unv-informacion.xyz\/index.php?rest_route=%2Fwp%2Fv2%2Ftags&post=7701"}],"curies":[{"name":"wp","href":"https:\/\/api.w.org\/{rel}","templated":true}]}}