{"id":7705,"date":"2025-03-08T19:43:32","date_gmt":"2025-03-08T19:43:32","guid":{"rendered":"https:\/\/rr.unv-informacion.xyz\/?p=7705"},"modified":"2025-03-08T19:43:33","modified_gmt":"2025-03-08T19:43:33","slug":"fiscal-pide-a-sadiel-molina-entregarse-tras-asesinato-de-angel-melendez","status":"publish","type":"post","link":"https:\/\/rr.unv-informacion.xyz\/?p=7705","title":{"rendered":"Fiscal pide a Sadiel Molina entregarse tras asesinato de \u00c1ngel Mel\u00e9ndez"},"content":{"rendered":"\n<p class=\"wp-block-paragraph\">El fiscal Yorelbin Rivas hace un llamado a Sadiel Molina, quien mat\u00f3 a \u00c1ngel Mel\u00e9ndez en Moca, a entregarse a las autoridades.<\/p>\n\n\n\n<p class=\"wp-block-paragraph\">El fiscal de Espaillat, Yorelbin Rivas, ha hecho un llamado a Sadiel Molina, quien es buscado activamente por ser el responsable del asesinato de \u00c1ngel Mel\u00e9ndez, ocurrido en medio de una discusi\u00f3n el pasado jueves en la Avenida Ram\u00f3n C\u00e1ceres, en Moca, provincia Espaillat.<\/p>\n\n\n\n<p class=\"wp-block-paragraph\">El crimen dej\u00f3 a la comunidad en shock y sucedi\u00f3 despu\u00e9s de una disputa entre dos conductores. Seg\u00fan testigos y videos del momento, el conflicto comenz\u00f3 tras un leve choque entre los veh\u00edculos. La discusi\u00f3n se intensific\u00f3 r\u00e1pidamente y uno de los involucrados sac\u00f3 un cuchillo, atacando a su oponente.<\/p>\n\n\n\n<p class=\"wp-block-paragraph\">En los videos, se observa c\u00f3mo varias personas intentaron intervenir, pero la situaci\u00f3n se descontrol\u00f3, y \u00c1ngel Mel\u00e9ndez recibi\u00f3 varias estocadas fatales. A pesar de que logr\u00f3 llegar al centro Santa Rosa pidiendo ayuda, fue trasladado al Centro de Especialidades M\u00e9dicas Moca por una joven, pero no sobrevivi\u00f3 a las heridas.<\/p>\n\n\n\n<p class=\"wp-block-paragraph\">El ataque ocurri\u00f3 cerca del Asilo de Ancianos y qued\u00f3 grabado en video, mostrando c\u00f3mo el agresor propin\u00f3 m\u00faltiples estocadas a la v\u00edctima.<\/p>\n\n\n\n<p class=\"wp-block-paragraph\">Amigos de Mel\u00e9ndez han ofrecido una recompensa para localizar a Sadiel Molina, quien a\u00fan est\u00e1 pr\u00f3fugo, y esperan que sea llevado ante la justicia lo antes posible.<\/p>\n\n\n\n<figure class=\"wp-block-image size-full\"><img loading=\"lazy\" decoding=\"async\" width=\"526\" height=\"791\" src=\"https:\/\/rr.unv-informacion.xyz\/wp-content\/uploads\/2025\/03\/480860413_976342244473210_8155763352499270613_n.jpg\" alt=\"\" class=\"wp-image-7706\" srcset=\"https:\/\/rr.unv-informacion.xyz\/wp-content\/uploads\/2025\/03\/480860413_976342244473210_8155763352499270613_n.jpg 526w, https:\/\/rr.unv-informacion.xyz\/wp-content\/uploads\/2025\/03\/480860413_976342244473210_8155763352499270613_n-199x300.jpg 199w, https:\/\/rr.unv-informacion.xyz\/wp-content\/uploads\/2025\/03\/480860413_976342244473210_8155763352499270613_n-279x420.jpg 279w\" sizes=\"auto, (max-width: 526px) 100vw, 526px\" \/><\/figure>\n\n\n\n<figure class=\"wp-block-image size-full\"><img loading=\"lazy\" decoding=\"async\" width=\"720\" height=\"723\" src=\"https:\/\/rr.unv-informacion.xyz\/wp-content\/uploads\/2025\/03\/482031194_1468058370822892_4440998016268048121_n.jpg\" alt=\"\" class=\"wp-image-7707\" srcset=\"https:\/\/rr.unv-informacion.xyz\/wp-content\/uploads\/2025\/03\/482031194_1468058370822892_4440998016268048121_n.jpg 720w, https:\/\/rr.unv-informacion.xyz\/wp-content\/uploads\/2025\/03\/482031194_1468058370822892_4440998016268048121_n-300x300.jpg 300w, https:\/\/rr.unv-informacion.xyz\/wp-content\/uploads\/2025\/03\/482031194_1468058370822892_4440998016268048121_n-150x150.jpg 150w, https:\/\/rr.unv-informacion.xyz\/wp-content\/uploads\/2025\/03\/482031194_1468058370822892_4440998016268048121_n-418x420.jpg 418w, https:\/\/rr.unv-informacion.xyz\/wp-content\/uploads\/2025\/03\/482031194_1468058370822892_4440998016268048121_n-640x643.jpg 640w, https:\/\/rr.unv-informacion.xyz\/wp-content\/uploads\/2025\/03\/482031194_1468058370822892_4440998016268048121_n-681x684.jpg 681w\" sizes=\"auto, (max-width: 720px) 100vw, 720px\" \/><\/figure>\n\n\n\n<figure class=\"wp-block-embed is-type-video is-provider-youtube wp-block-embed-youtube wp-embed-aspect-16-9 wp-has-aspect-ratio\"><div class=\"wp-block-embed__wrapper\">\n<iframe loading=\"lazy\" title=\"Hablan Familiares de \u00c1ngel Mel\u00e9ndez, asesinado tras accidente de tr\u00e1nsito en Moca\" width=\"640\" height=\"360\" src=\"https:\/\/www.youtube.com\/embed\/c9Xj_gCwPAE?feature=oembed\" frameborder=\"0\" allow=\"accelerometer; autoplay; clipboard-write; encrypted-media; gyroscope; picture-in-picture; web-share\" referrerpolicy=\"strict-origin-when-cross-origin\" allowfullscreen><\/iframe>\n<\/div><\/figure>\n\n\n<iframe loading=\"lazy\" src=\"https:\/\/www.facebook.com\/plugins\/video.php?href=https%3A%2F%2Fwww.facebook.com%2F100052457140267%2Fvideos%2F653793673676791%2F%3Fref%3Dembed_video&#038;show_text=0&#038;width=560\" width=\"560\" height=\"315\" style=\"border:none;overflow:hidden\" scrolling=\"no\" frameborder=\"0\" allowfullscreen=\"true\" allow=\"autoplay; clipboard-write; encrypted-media; picture-in-picture; web-share\" allowFullScreen=\"true\"><\/iframe>\n\n<iframe loading=\"lazy\" src=\"https:\/\/www.facebook.com\/plugins\/video.php?href=https%3A%2F%2Fwww.facebook.com%2F100044500691086%2Fvideos%2F994126286022133%2F%3Fref%3Dembed_video&#038;show_text=0&#038;width=560\" width=\"560\" height=\"316\" style=\"border:none;overflow:hidden\" scrolling=\"no\" frameborder=\"0\" allowfullscreen=\"true\" allow=\"autoplay; clipboard-write; encrypted-media; picture-in-picture; web-share\" allowFullScreen=\"true\"><\/iframe>","protected":false},"excerpt":{"rendered":"<p>El fiscal Yorelbin Rivas hace un llamado a Sadiel Molina, quien mat\u00f3 a \u00c1ngel Mel\u00e9ndez en Moca, a entregarse a las autoridades. El fiscal de Espaillat, Yorelbin Rivas, ha hecho un llamado a Sadiel Molina, quien es buscado activamente por ser el responsable del asesinato de \u00c1ngel Mel\u00e9ndez, ocurrido en medio de una discusi\u00f3n el [&hellip;]<\/p>\n","protected":false},"author":1,"featured_media":7707,"comment_status":"open","ping_status":"open","sticky":false,"template":"","format":"standard","meta":{"footnotes":""},"categories":[1],"tags":[],"class_list":["post-7705","post","type-post","status-publish","format-standard","has-post-thumbnail","hentry","category-uncategorized"],"_links":{"self":[{"href":"https:\/\/rr.unv-informacion.xyz\/index.php?rest_route=\/wp\/v2\/posts\/7705","targetHints":{"allow":["GET"]}}],"collection":[{"href":"https:\/\/rr.unv-informacion.xyz\/index.php?rest_route=\/wp\/v2\/posts"}],"about":[{"href":"https:\/\/rr.unv-informacion.xyz\/index.php?rest_route=\/wp\/v2\/types\/post"}],"author":[{"embeddable":true,"href":"https:\/\/rr.unv-informacion.xyz\/index.php?rest_route=\/wp\/v2\/users\/1"}],"replies":[{"embeddable":true,"href":"https:\/\/rr.unv-informacion.xyz\/index.php?rest_route=%2Fwp%2Fv2%2Fcomments&post=7705"}],"version-history":[{"count":1,"href":"https:\/\/rr.unv-informacion.xyz\/index.php?rest_route=\/wp\/v2\/posts\/7705\/revisions"}],"predecessor-version":[{"id":7708,"href":"https:\/\/rr.unv-informacion.xyz\/index.php?rest_route=\/wp\/v2\/posts\/7705\/revisions\/7708"}],"wp:featuredmedia":[{"embeddable":true,"href":"https:\/\/rr.unv-informacion.xyz\/index.php?rest_route=\/wp\/v2\/media\/7707"}],"wp:attachment":[{"href":"https:\/\/rr.unv-informacion.xyz\/index.php?rest_route=%2Fwp%2Fv2%2Fmedia&parent=7705"}],"wp:term":[{"taxonomy":"category","embeddable":true,"href":"https:\/\/rr.unv-informacion.xyz\/index.php?rest_route=%2Fwp%2Fv2%2Fcategories&post=7705"},{"taxonomy":"post_tag","embeddable":true,"href":"https:\/\/rr.unv-informacion.xyz\/index.php?rest_route=%2Fwp%2Fv2%2Ftags&post=7705"}],"curies":[{"name":"wp","href":"https:\/\/api.w.org\/{rel}","templated":true}]}}